{"id":220330,"date":"2013-08-16T00:00:00","date_gmt":"2013-08-16T00:00:00","guid":{"rendered":"https:\/\/www.ecuadortimes.net\/es\/regimen-se-disculpa-por-quitar-figuras-religiosas-en-hospital\/"},"modified":"2013-08-16T00:00:00","modified_gmt":"2013-08-16T00:00:00","slug":"regimen-se-disculpa-por-quitar-figuras-religiosas-en-hospital","status":"publish","type":"post","link":"https:\/\/www.ecuadortimes.net\/es\/regimen-se-disculpa-por-quitar-figuras-religiosas-en-hospital\/","title":{"rendered":"R\u00e9gimen se disculpa por quitar figuras religiosas en hospital"},"content":{"rendered":"<div id=\"attachment_124336\" style=\"width: 310px\" class=\"wp-caption alignright\"><img aria-describedby=\"caption-attachment-124336\" loading=\"lazy\" class=\"size-medium wp-image-124336\" title=\"Miguel Malo\" src=\"http:\/\/media.ecuadortimes.net\/2013\/08\/Miguel-Malo-defends-corruption3-300x225.jpg\" alt=\"Miguel Malo\" width=\"300\" height=\"225\" \/><p id=\"caption-attachment-124336\" class=\"wp-caption-text\">Miguel Malo<\/p><\/div>\n<p><strong>El martes pasado se retiraron im\u00e1genes y figuras religiosas de la capilla del hospital Verdi Cevallos en Portoviejo, por orden del viceministro de Salud P\u00fablica, Miguel Malo, posteriormente el r\u00e9gimen ofreci\u00f3 las respectivas disculpas al arzobispo para Manab\u00ed, Lorenzo Voltollini y a la comunidad cat\u00f3lica.<\/strong><\/p>\n<p>Tras ser quitadas las efigies se instalaron camas donde actualmente reposan madres que tienen a sus hijos en el \u00e1rea de neonatolog\u00eda.<\/p>\n<p>Malo arrib\u00f3 la noche del martes pasado a la capital manabita donde por medio de una rueda de prensa ofreci\u00f3 disculpas por lo sucedido y destac\u00f3 que no hay una disposici\u00f3n superior y que no es pol\u00edtica del Estado quitar espacios de oraci\u00f3n dentro de las entidades de salud del pa\u00eds.<\/p>\n<p><strong><em>Consideramos p\u00fablicamente, a nombre del MSP, que hubo un error grave por parte de la gerencia del hospital al no tener ning\u00fan di\u00e1logo con el se\u00f1or p\u00e1rroco y los feligreses del hospital y proceder a sacar todo lo que hab\u00eda en el hospital para poner unas camas del \u00e1rea de maternidad<\/em><\/strong>\u009d, indic\u00f3 Malo.<\/p>\n<p>El viceministro explic\u00f3 que era un error de la administraci\u00f3n del hospital ante la falta de comunicaci\u00f3n con los representantes de la iglesia cat\u00f3lica. Dicha acci\u00f3n no caus\u00f3 sanci\u00f3n alguna.<\/p>\n","protected":false},"excerpt":{"rendered":"<p>El martes pasado se retiraron im\u00e1genes y figuras religiosas de la capilla del hospital Verdi Cevallos en Portoviejo, por orden del viceministro de Salud P\u00fablica, Miguel Malo, posteriormente el r\u00e9gimen ofreci\u00f3 las respectivas disculpas al arzobispo para Manab\u00ed, Lorenzo Voltollini y a la comunidad cat\u00f3lica. Tras ser quitadas las efigies se instalaron camas donde actualmente reposan madres que tienen a sus hijos en el \u00e1rea de neonatolog\u00eda. Malo arrib\u00f3 la noche del martes pasado a la capital manabita donde por medio de una rueda de prensa ofreci\u00f3 disculpas por lo sucedido y destac\u00f3 que no hay una disposici\u00f3n superior y que no es pol\u00edtica del Estado quitar espacios de oraci\u00f3n dentro de las entidades de salud del pa\u00eds. Consideramos p\u00fablicamente, a nombre del MSP, que hubo un error grave por parte de la gerencia del hospital al no tener ning\u00fan di\u00e1logo con el se\u00f1or p\u00e1rroco y los feligreses del hospital y proceder a sacar todo lo que hab\u00eda en el hospital para poner unas camas del \u00e1rea de maternidad\u009d, indic\u00f3 Malo. El viceministro explic\u00f3 que era un error de la administraci\u00f3n del hospital ante la falta de comunicaci\u00f3n con los representantes de la iglesia cat\u00f3lica. Dicha acci\u00f3n no caus\u00f3 sanci\u00f3n alguna.<\/p>\n","protected":false},"author":1,"featured_media":220331,"comment_status":"open","ping_status":"open","sticky":false,"template":"","format":"standard","meta":[],"categories":[40,37],"tags":[],"_links":{"self":[{"href":"https:\/\/www.ecuadortimes.net\/es\/wp-json\/wp\/v2\/posts\/220330"}],"collection":[{"href":"https:\/\/www.ecuadortimes.net\/es\/wp-json\/wp\/v2\/posts"}],"about":[{"href":"https:\/\/www.ecuadortimes.net\/es\/wp-json\/wp\/v2\/types\/post"}],"author":[{"embeddable":true,"href":"https:\/\/www.ecuadortimes.net\/es\/wp-json\/wp\/v2\/users\/1"}],"replies":[{"embeddable":true,"href":"https:\/\/www.ecuadortimes.net\/es\/wp-json\/wp\/v2\/comments?post=220330"}],"version-history":[{"count":0,"href":"https:\/\/www.ecuadortimes.net\/es\/wp-json\/wp\/v2\/posts\/220330\/revisions"}],"wp:featuredmedia":[{"embeddable":true,"href":"https:\/\/www.ecuadortimes.net\/es\/wp-json\/wp\/v2\/media\/220331"}],"wp:attachment":[{"href":"https:\/\/www.ecuadortimes.net\/es\/wp-json\/wp\/v2\/media?parent=220330"}],"wp:term":[{"taxonomy":"category","embeddable":true,"href":"https:\/\/www.ecuadortimes.net\/es\/wp-json\/wp\/v2\/categories?post=220330"},{"taxonomy":"post_tag","embeddable":true,"href":"https:\/\/www.ecuadortimes.net\/es\/wp-json\/wp\/v2\/tags?post=220330"}],"curies":[{"name":"wp","href":"https:\/\/api.w.org\/{rel}","templated":true}]}}