{"id":220338,"date":"2013-08-16T00:00:00","date_gmt":"2013-08-16T00:00:00","guid":{"rendered":"https:\/\/www.ecuadortimes.net\/es\/horacio-cartes-es-el-nuevo-presidente-de-paraguay\/"},"modified":"2013-08-16T00:00:00","modified_gmt":"2013-08-16T00:00:00","slug":"horacio-cartes-es-el-nuevo-presidente-de-paraguay","status":"publish","type":"post","link":"https:\/\/www.ecuadortimes.net\/es\/horacio-cartes-es-el-nuevo-presidente-de-paraguay\/","title":{"rendered":"Horacio Cartes es el nuevo presidente de Paraguay"},"content":{"rendered":"<div id=\"attachment_124369\" style=\"width: 310px\" class=\"wp-caption alignleft\"><img aria-describedby=\"caption-attachment-124369\" loading=\"lazy\" class=\"size-medium wp-image-124369\" title=\"Horacio Cartes\" src=\"http:\/\/media.ecuadortimes.net\/2013\/08\/Horacio-Cartes-president-of-Paraguay-knows-not-to-tangle-with-the-corruption-of-latin-america-meaning-correa-maduro-and-morales-pieces-of-shit3-300x225.jpg\" alt=\"Horacio Cartes\" width=\"300\" height=\"225\" \/><p id=\"caption-attachment-124369\" class=\"wp-caption-text\">Horacio Cartes<\/p><\/div>\n<p><strong>Horacio Cartes jur\u00f3 ayer como presidente de Paraguay por un per\u00edodo de cinco a\u00f1os ante los l\u00edderes de Argentina, Brasil, Chile, Per\u00fa, Uruguay y Taiw\u00e1n; tambi\u00e9n estuvo presente el pr\u00edncipe Felipe de Espa\u00f1a y m\u00e1s de 100 delegaciones en los jardines del Palacio de L\u00f3pez, la sede gubernamental.<\/strong><\/p>\n<p>&#8220;<strong><em>Invoco a Dios, le imploro que me de sabidur\u00eda, prudencia y justicia para cumplir mis deberes de servir al noble pueblo paraguayo<\/em><\/strong>&#8220;, manifest\u00f3 Cartes, en una declaraci\u00f3n hecha despu\u00e9s de su investidura.<\/p>\n<p>Cartes es un exitoso empresario de 57 a\u00f1os, quien con su victoria en las elecciones presidenciales del 21 de abril, devolvi\u00f3 el poder al partido Colorado, que sustent\u00f3 la dictadura de Alfredo Stroessner (1954-1989).<\/p>\n<p><strong>A la posesi\u00f3n\u00a0 no asisti\u00f3 el presidente de Ecuador, Rafael Correa, en rechazo a que no fue invitado su colega venezolano, Nicol\u00e1s Maduro. Tampoco asisti\u00f3 el presidente de Bolivia, Evo Morales. Los mandatarios s\u00ed felicitaron al pueblo paraguayo por su nuevo gobierno.<\/strong><\/p>\n","protected":false},"excerpt":{"rendered":"<p>Horacio Cartes jur\u00f3 ayer como presidente de Paraguay por un per\u00edodo de cinco a\u00f1os ante los l\u00edderes de Argentina, Brasil, Chile, Per\u00fa, Uruguay y Taiw\u00e1n; tambi\u00e9n estuvo presente el pr\u00edncipe Felipe de Espa\u00f1a y m\u00e1s de 100 delegaciones en los jardines del Palacio de L\u00f3pez, la sede gubernamental. &#8220;Invoco a Dios, le imploro que me de sabidur\u00eda, prudencia y justicia para cumplir mis deberes de servir al noble pueblo paraguayo&#8220;, manifest\u00f3 Cartes, en una declaraci\u00f3n hecha despu\u00e9s de su investidura. Cartes es un exitoso empresario de 57 a\u00f1os, quien con su victoria en las elecciones presidenciales del 21 de abril, devolvi\u00f3 el poder al partido Colorado, que sustent\u00f3 la dictadura de Alfredo Stroessner (1954-1989). A la posesi\u00f3n\u00a0 no asisti\u00f3 el presidente de Ecuador, Rafael Correa, en rechazo a que no fue invitado su colega venezolano, Nicol\u00e1s Maduro. Tampoco asisti\u00f3 el presidente de Bolivia, Evo Morales. Los mandatarios s\u00ed felicitaron al pueblo paraguayo por su nuevo gobierno.<\/p>\n","protected":false},"author":1,"featured_media":220339,"comment_status":"open","ping_status":"open","sticky":false,"template":"","format":"standard","meta":[],"categories":[34,37],"tags":[],"_links":{"self":[{"href":"https:\/\/www.ecuadortimes.net\/es\/wp-json\/wp\/v2\/posts\/220338"}],"collection":[{"href":"https:\/\/www.ecuadortimes.net\/es\/wp-json\/wp\/v2\/posts"}],"about":[{"href":"https:\/\/www.ecuadortimes.net\/es\/wp-json\/wp\/v2\/types\/post"}],"author":[{"embeddable":true,"href":"https:\/\/www.ecuadortimes.net\/es\/wp-json\/wp\/v2\/users\/1"}],"replies":[{"embeddable":true,"href":"https:\/\/www.ecuadortimes.net\/es\/wp-json\/wp\/v2\/comments?post=220338"}],"version-history":[{"count":0,"href":"https:\/\/www.ecuadortimes.net\/es\/wp-json\/wp\/v2\/posts\/220338\/revisions"}],"wp:featuredmedia":[{"embeddable":true,"href":"https:\/\/www.ecuadortimes.net\/es\/wp-json\/wp\/v2\/media\/220339"}],"wp:attachment":[{"href":"https:\/\/www.ecuadortimes.net\/es\/wp-json\/wp\/v2\/media?parent=220338"}],"wp:term":[{"taxonomy":"category","embeddable":true,"href":"https:\/\/www.ecuadortimes.net\/es\/wp-json\/wp\/v2\/categories?post=220338"},{"taxonomy":"post_tag","embeddable":true,"href":"https:\/\/www.ecuadortimes.net\/es\/wp-json\/wp\/v2\/tags?post=220338"}],"curies":[{"name":"wp","href":"https:\/\/api.w.org\/{rel}","templated":true}]}}