{"id":220340,"date":"2013-08-16T00:00:00","date_gmt":"2013-08-16T00:00:00","guid":{"rendered":"https:\/\/www.ecuadortimes.net\/es\/canal-de-panama-cumple-99-anos-con-miras-a-ampliacion\/"},"modified":"2013-08-16T00:00:00","modified_gmt":"2013-08-16T00:00:00","slug":"canal-de-panama-cumple-99-anos-con-miras-a-ampliacion","status":"publish","type":"post","link":"https:\/\/www.ecuadortimes.net\/es\/canal-de-panama-cumple-99-anos-con-miras-a-ampliacion\/","title":{"rendered":"Canal de Panam\u00e1 cumple 99 a\u00f1os con miras a ampliaci\u00f3n"},"content":{"rendered":"<p><img loading=\"lazy\" class=\" wp-image-124383 alignright\" title=\"Screen Shot 2013-08-16 at 10.14.19\" src=\"http:\/\/media.ecuadortimes.net\/2013\/08\/Screen-Shot-2013-08-16-at-10.14.191.png\" alt=\"\" width=\"334\" height=\"236\" \/>A un a\u00f1o exacto de su primer centenario, el Canal de Panam\u00e1 se prepara para pr\u00f3ximas reformas de ampliaci\u00f3n para as\u00ed continuar siendo la principal v\u00eda de acceso mar\u00edtimo entre los oc\u00e9anos Atl\u00e1ntico y Pac\u00edfico, pese a los proyectos para abrir nuevas v\u00edas interoce\u00e1nicas.<\/p>\n<p>A sus 99 a\u00f1os, el canal inicia preparativos de expansi\u00f3n, permiti\u00e9ndole, para el 2015, alcanzar una capacidad de transporte de 300 a 600 millones de toneladas anuales, enfrentando la posibilidad de tener a Guatemala y Nicaragua como competencia a mediano plazo.<\/p>\n<p>&#8220;(&#8230;) El Canal a\u00fan tiene capacidad de ampliarse m\u00e1s, y le haremos frente a cualquier competencia&#8221;, declar\u00f3 Jorge Quijano, el administrador jefe de la Autoridad del Canal de Panam\u00e1 (ACP), una entidad aut\u00f3noma.<\/p>\n<p>Guatemala y Nicaragua anunciaron recientemente la construcci\u00f3n de canales interoce\u00e1nicos a partir de diciembre pr\u00f3ximo y de 2014.<\/p>\n<p>El Canal de Panam\u00e1, considerado una de las m\u00e1s grandes obras de ingenier\u00eda del mundo, fue inaugurado en 1914 por Estados Unidos, que lo construy\u00f3 y administr\u00f3 hasta el 31 de diciembre de 1999, cuando lo entreg\u00f3 al pa\u00eds centroamericano<\/p>\n","protected":false},"excerpt":{"rendered":"<p>A un a\u00f1o exacto de su primer centenario, el Canal de Panam\u00e1 se prepara para pr\u00f3ximas reformas de ampliaci\u00f3n para as\u00ed continuar siendo la principal v\u00eda de acceso mar\u00edtimo entre los oc\u00e9anos Atl\u00e1ntico y Pac\u00edfico, pese a los proyectos para abrir nuevas v\u00edas interoce\u00e1nicas. A sus 99 a\u00f1os, el canal inicia preparativos de expansi\u00f3n, permiti\u00e9ndole, para el 2015, alcanzar una capacidad de transporte de 300 a 600 millones de toneladas anuales, enfrentando la posibilidad de tener a Guatemala y Nicaragua como competencia a mediano plazo. &#8220;(&#8230;) El Canal a\u00fan tiene capacidad de ampliarse m\u00e1s, y le haremos frente a cualquier competencia&#8221;, declar\u00f3 Jorge Quijano, el administrador jefe de la Autoridad del Canal de Panam\u00e1 (ACP), una entidad aut\u00f3noma. Guatemala y Nicaragua anunciaron recientemente la construcci\u00f3n de canales interoce\u00e1nicos a partir de diciembre pr\u00f3ximo y de 2014. El Canal de Panam\u00e1, considerado una de las m\u00e1s grandes obras de ingenier\u00eda del mundo, fue inaugurado en 1914 por Estados Unidos, que lo construy\u00f3 y administr\u00f3 hasta el 31 de diciembre de 1999, cuando lo entreg\u00f3 al pa\u00eds centroamericano<\/p>\n","protected":false},"author":1,"featured_media":0,"comment_status":"open","ping_status":"open","sticky":false,"template":"","format":"standard","meta":[],"categories":[36,37],"tags":[],"_links":{"self":[{"href":"https:\/\/www.ecuadortimes.net\/es\/wp-json\/wp\/v2\/posts\/220340"}],"collection":[{"href":"https:\/\/www.ecuadortimes.net\/es\/wp-json\/wp\/v2\/posts"}],"about":[{"href":"https:\/\/www.ecuadortimes.net\/es\/wp-json\/wp\/v2\/types\/post"}],"author":[{"embeddable":true,"href":"https:\/\/www.ecuadortimes.net\/es\/wp-json\/wp\/v2\/users\/1"}],"replies":[{"embeddable":true,"href":"https:\/\/www.ecuadortimes.net\/es\/wp-json\/wp\/v2\/comments?post=220340"}],"version-history":[{"count":0,"href":"https:\/\/www.ecuadortimes.net\/es\/wp-json\/wp\/v2\/posts\/220340\/revisions"}],"wp:attachment":[{"href":"https:\/\/www.ecuadortimes.net\/es\/wp-json\/wp\/v2\/media?parent=220340"}],"wp:term":[{"taxonomy":"category","embeddable":true,"href":"https:\/\/www.ecuadortimes.net\/es\/wp-json\/wp\/v2\/categories?post=220340"},{"taxonomy":"post_tag","embeddable":true,"href":"https:\/\/www.ecuadortimes.net\/es\/wp-json\/wp\/v2\/tags?post=220340"}],"curies":[{"name":"wp","href":"https:\/\/api.w.org\/{rel}","templated":true}]}}