{"id":220341,"date":"2013-08-16T00:00:00","date_gmt":"2013-08-16T00:00:00","guid":{"rendered":"https:\/\/www.ecuadortimes.net\/es\/muere-multimillonaria-duena-de-tiendas-zara\/"},"modified":"2013-08-16T00:00:00","modified_gmt":"2013-08-16T00:00:00","slug":"muere-multimillonaria-duena-de-tiendas-zara","status":"publish","type":"post","link":"https:\/\/www.ecuadortimes.net\/es\/muere-multimillonaria-duena-de-tiendas-zara\/","title":{"rendered":"Muere multimillonaria due\u00f1a de tiendas Zara"},"content":{"rendered":"<p>La empresaria gallega, Rosal\u00eda Mera Goyenechea, falleci\u00f3 a los 69 a\u00f1os de edad tras sufrir un derrame cerebral. Su deceso fue en La Coru\u00f1a, donde viv\u00eda.<\/p>\n<p>Considerada por la revista Forbes como la mujer m\u00e1s rica de Espa\u00f1a, sufri\u00f3 un derrame cerebral mientras pasaba unos d\u00edas de descanso en Menorca junto a su hija Sandra.<\/p>\n<p>Mera, a los 11 a\u00f1os dej\u00f3 el colegio para trabajar de costurera y se convirti\u00f3 en la mujer m\u00e1s rica de Espa\u00f1a y en una de las m\u00e1s poderosas del mundo despu\u00e9s de fundar el imperio Inditex con su exmarido Amancio Ortega.<\/p>\n<p><img loading=\"lazy\" class=\"aligncenter size-full wp-image-124398\" title=\"Screen Shot 2013-08-16 at 12.44.07\" src=\"http:\/\/media.ecuadortimes.net\/2013\/08\/Screen-Shot-2013-08-16-at-12.44.071.png\" alt=\"\" width=\"504\" height=\"348\" \/><\/p>\n<p>Su primer trabajo fue en &#8216;La Maja&#8217;, una tienda de ropa en la calle San Andr\u00e9s, donde trabaj\u00f3 con los hermanos Ortega: Amancio y Antonio. Rosal\u00eda Mera y Amancio Ortega se casaron en una iglesia de La Coru\u00f1a en la d\u00e9cada de los 60 y, por entonces, a pesar de tener cierta estabilidad en &#8216;La Maja&#8217;, iniciaron un proyecto, &#8216;Zara&#8217;, que ella asumi\u00f3 como propio. Decidieron dejar de producir para otros y empezaron a fabricar y distribuir sus propios productos.<\/p>\n<p>La revista &#8216;Forbes&#8217; valor\u00f3 su fortuna en $ 4 724 millones, lo que la situ\u00f3 en el puesto 66 de las personalidades m\u00e1s poderosas del planeta y como la \u00fanica mujer espa\u00f1ola que figura en la lista de esta publicaci\u00f3n.<\/p>\n","protected":false},"excerpt":{"rendered":"<p>La empresaria gallega, Rosal\u00eda Mera Goyenechea, falleci\u00f3 a los 69 a\u00f1os de edad tras sufrir un derrame cerebral. Su deceso fue en La Coru\u00f1a, donde viv\u00eda. Considerada por la revista Forbes como la mujer m\u00e1s rica de Espa\u00f1a, sufri\u00f3 un derrame cerebral mientras pasaba unos d\u00edas de descanso en Menorca junto a su hija Sandra. Mera, a los 11 a\u00f1os dej\u00f3 el colegio para trabajar de costurera y se convirti\u00f3 en la mujer m\u00e1s rica de Espa\u00f1a y en una de las m\u00e1s poderosas del mundo despu\u00e9s de fundar el imperio Inditex con su exmarido Amancio Ortega. Su primer trabajo fue en &#8216;La Maja&#8217;, una tienda de ropa en la calle San Andr\u00e9s, donde trabaj\u00f3 con los hermanos Ortega: Amancio y Antonio. Rosal\u00eda Mera y Amancio Ortega se casaron en una iglesia de La Coru\u00f1a en la d\u00e9cada de los 60 y, por entonces, a pesar de tener cierta estabilidad en &#8216;La Maja&#8217;, iniciaron un proyecto, &#8216;Zara&#8217;, que ella asumi\u00f3 como propio. Decidieron dejar de producir para otros y empezaron a fabricar y distribuir sus propios productos. La revista &#8216;Forbes&#8217; valor\u00f3 su fortuna en $ 4 724 millones, lo que la situ\u00f3 en el puesto 66 de las personalidades m\u00e1s poderosas del planeta y como la \u00fanica mujer espa\u00f1ola que figura en la lista de esta publicaci\u00f3n.<\/p>\n","protected":false},"author":1,"featured_media":0,"comment_status":"open","ping_status":"open","sticky":false,"template":"","format":"standard","meta":[],"categories":[33,44],"tags":[],"_links":{"self":[{"href":"https:\/\/www.ecuadortimes.net\/es\/wp-json\/wp\/v2\/posts\/220341"}],"collection":[{"href":"https:\/\/www.ecuadortimes.net\/es\/wp-json\/wp\/v2\/posts"}],"about":[{"href":"https:\/\/www.ecuadortimes.net\/es\/wp-json\/wp\/v2\/types\/post"}],"author":[{"embeddable":true,"href":"https:\/\/www.ecuadortimes.net\/es\/wp-json\/wp\/v2\/users\/1"}],"replies":[{"embeddable":true,"href":"https:\/\/www.ecuadortimes.net\/es\/wp-json\/wp\/v2\/comments?post=220341"}],"version-history":[{"count":0,"href":"https:\/\/www.ecuadortimes.net\/es\/wp-json\/wp\/v2\/posts\/220341\/revisions"}],"wp:attachment":[{"href":"https:\/\/www.ecuadortimes.net\/es\/wp-json\/wp\/v2\/media?parent=220341"}],"wp:term":[{"taxonomy":"category","embeddable":true,"href":"https:\/\/www.ecuadortimes.net\/es\/wp-json\/wp\/v2\/categories?post=220341"},{"taxonomy":"post_tag","embeddable":true,"href":"https:\/\/www.ecuadortimes.net\/es\/wp-json\/wp\/v2\/tags?post=220341"}],"curies":[{"name":"wp","href":"https:\/\/api.w.org\/{rel}","templated":true}]}}