{"id":220343,"date":"2013-08-16T00:00:00","date_gmt":"2013-08-16T00:00:00","guid":{"rendered":"https:\/\/www.ecuadortimes.net\/es\/virgen-del-cisne-inicia-retorno-a-loja\/"},"modified":"2013-08-16T00:00:00","modified_gmt":"2013-08-16T00:00:00","slug":"virgen-del-cisne-inicia-retorno-a-loja","status":"publish","type":"post","link":"https:\/\/www.ecuadortimes.net\/es\/virgen-del-cisne-inicia-retorno-a-loja\/","title":{"rendered":"Virgen del Cisne inicia retorno a Loja"},"content":{"rendered":"<p><img loading=\"lazy\" class=\"size-medium wp-image-124411 alignright\" title=\"Screen Shot 2013-08-16 at 13.11.02\" src=\"http:\/\/media.ecuadortimes.net\/2013\/08\/Screen-Shot-2013-08-16-at-13.11.021-300x268.png\" alt=\"\" width=\"300\" height=\"268\" \/>Luego de viajar en procesi\u00f3n multitudinaria de Loja a El Cisne, ma\u00f1ana se inicia la caminata de retorno de &#8220;La Churona&#8221;, imagen que moviliza a miles de fieles devotos nacionales, del norte de Per\u00fa y de otos lugares del mundo.<\/p>\n<p>Los festejos culminaron en la parroquia El Cisne. La imagen de la virgen retorn\u00f3 la tarde de ayer a su altar ubicado en la Bas\u00edlica y desde all\u00ed saldr\u00e1 ma\u00f1ana hacia Loja en romer\u00eda que finalizar\u00e1 el pr\u00f3ximo martes.<\/p>\n<p>Por su parte, decenas de buses ofrec\u00edan en la parroquia El Cisne viajes a Machala, Guayaquil, Ambato, Cuenca&#8230; Desde las 16:00 el pueblo qued\u00f3 con contados devotos.<\/p>\n<p>La peregrinaci\u00f3n rumbo a Loja se iniciar\u00e1 a las 07:00 de ma\u00f1ana y su primera parada ser\u00e1 San Pedro de la Bendita. El domingo estar\u00e1 en Catamayo, donde descansar\u00e1 un d\u00eda y el martes se prev\u00e9 que la imagen llegue a Loja.<\/p>\n","protected":false},"excerpt":{"rendered":"<p>Luego de viajar en procesi\u00f3n multitudinaria de Loja a El Cisne, ma\u00f1ana se inicia la caminata de retorno de &#8220;La Churona&#8221;, imagen que moviliza a miles de fieles devotos nacionales, del norte de Per\u00fa y de otos lugares del mundo. Los festejos culminaron en la parroquia El Cisne. La imagen de la virgen retorn\u00f3 la tarde de ayer a su altar ubicado en la Bas\u00edlica y desde all\u00ed saldr\u00e1 ma\u00f1ana hacia Loja en romer\u00eda que finalizar\u00e1 el pr\u00f3ximo martes. Por su parte, decenas de buses ofrec\u00edan en la parroquia El Cisne viajes a Machala, Guayaquil, Ambato, Cuenca&#8230; Desde las 16:00 el pueblo qued\u00f3 con contados devotos. La peregrinaci\u00f3n rumbo a Loja se iniciar\u00e1 a las 07:00 de ma\u00f1ana y su primera parada ser\u00e1 San Pedro de la Bendita. El domingo estar\u00e1 en Catamayo, donde descansar\u00e1 un d\u00eda y el martes se prev\u00e9 que la imagen llegue a Loja.<\/p>\n","protected":false},"author":1,"featured_media":0,"comment_status":"open","ping_status":"open","sticky":false,"template":"","format":"standard","meta":[],"categories":[47,35,37],"tags":[],"_links":{"self":[{"href":"https:\/\/www.ecuadortimes.net\/es\/wp-json\/wp\/v2\/posts\/220343"}],"collection":[{"href":"https:\/\/www.ecuadortimes.net\/es\/wp-json\/wp\/v2\/posts"}],"about":[{"href":"https:\/\/www.ecuadortimes.net\/es\/wp-json\/wp\/v2\/types\/post"}],"author":[{"embeddable":true,"href":"https:\/\/www.ecuadortimes.net\/es\/wp-json\/wp\/v2\/users\/1"}],"replies":[{"embeddable":true,"href":"https:\/\/www.ecuadortimes.net\/es\/wp-json\/wp\/v2\/comments?post=220343"}],"version-history":[{"count":0,"href":"https:\/\/www.ecuadortimes.net\/es\/wp-json\/wp\/v2\/posts\/220343\/revisions"}],"wp:attachment":[{"href":"https:\/\/www.ecuadortimes.net\/es\/wp-json\/wp\/v2\/media?parent=220343"}],"wp:term":[{"taxonomy":"category","embeddable":true,"href":"https:\/\/www.ecuadortimes.net\/es\/wp-json\/wp\/v2\/categories?post=220343"},{"taxonomy":"post_tag","embeddable":true,"href":"https:\/\/www.ecuadortimes.net\/es\/wp-json\/wp\/v2\/tags?post=220343"}],"curies":[{"name":"wp","href":"https:\/\/api.w.org\/{rel}","templated":true}]}}