{"id":220345,"date":"2013-08-16T00:00:00","date_gmt":"2013-08-16T00:00:00","guid":{"rendered":"https:\/\/www.ecuadortimes.net\/es\/el-gobierno-defiende-decreto-para-controlar-a-ong\/"},"modified":"2013-08-16T00:00:00","modified_gmt":"2013-08-16T00:00:00","slug":"el-gobierno-defiende-decreto-para-controlar-a-ong","status":"publish","type":"post","link":"https:\/\/www.ecuadortimes.net\/es\/el-gobierno-defiende-decreto-para-controlar-a-ong\/","title":{"rendered":"El gobierno defiende decreto para controlar a ONG"},"content":{"rendered":"<p><strong>El Decreto 16 permitir\u00e1 a las organizaciones sociales poder trabajar con el Estado y desarrollar su campo de acci\u00f3n de forma legal\u009d, expres\u00f3 la subsecretaria de Gesti\u00f3n de la Pol\u00edtica, Patricia Sarzosa, quien aclar\u00f3 el alcance que tiene el Reglamento para el Registro de las Organizaciones de la Sociedad Civil.<\/strong><\/p>\n<p><strong>No es obligaci\u00f3n de las agrupaciones ingresar a este sistema, pero este ser\u00e1 el \u00fanico habilitante para que su trabajo tenga un respaldo y aval jur\u00eddico\u009d, asegur\u00f3 la funcionaria.<\/strong><\/p>\n<p>En el marco de la solicitud enviada por la organizaci\u00f3n Human Rights Watch (HRW) de eliminar el Decreto 16 ya que limita a las ONG, Sarzosa explica que no se busca limitar el trabajo de las organizaciones sociales y que para eliminar todo rastro de duda se iniciar\u00e1 con un proceso de socializaci\u00f3n del Sistema de Registro\u009d.<\/p>\n<p>El proceso iniciar\u00eda el pr\u00f3ximo 21 de agosto, con los diferentes ministerios a cargo del registro y luego con el resto de agrupaciones.<\/p>\n<div id=\"attachment_124452\" style=\"width: 380px\" class=\"wp-caption aligncenter\"><img aria-describedby=\"caption-attachment-124452\" loading=\"lazy\" class=\"size-full wp-image-124452\" title=\"Jose Miguel Vivanco de HRW pide que se cancele el Decreto 16.\" src=\"http:\/\/media.ecuadortimes.net\/2013\/08\/gobierno-defiende-decreto-16-ong-l1.jpg\" alt=\"Jose Miguel Vivanco de HRW pide que se cancele el Decreto 16.\" width=\"370\" height=\"235\" \/><p id=\"caption-attachment-124452\" class=\"wp-caption-text\">Jose Miguel Vivanco de HRW pide que se cancele el Decreto 16.<\/p><\/div>\n","protected":false},"excerpt":{"rendered":"<p>El Decreto 16 permitir\u00e1 a las organizaciones sociales poder trabajar con el Estado y desarrollar su campo de acci\u00f3n de forma legal\u009d, expres\u00f3 la subsecretaria de Gesti\u00f3n de la Pol\u00edtica, Patricia Sarzosa, quien aclar\u00f3 el alcance que tiene el Reglamento para el Registro de las Organizaciones de la Sociedad Civil. No es obligaci\u00f3n de las agrupaciones ingresar a este sistema, pero este ser\u00e1 el \u00fanico habilitante para que su trabajo tenga un respaldo y aval jur\u00eddico\u009d, asegur\u00f3 la funcionaria. En el marco de la solicitud enviada por la organizaci\u00f3n Human Rights Watch (HRW) de eliminar el Decreto 16 ya que limita a las ONG, Sarzosa explica que no se busca limitar el trabajo de las organizaciones sociales y que para eliminar todo rastro de duda se iniciar\u00e1 con un proceso de socializaci\u00f3n del Sistema de Registro\u009d. El proceso iniciar\u00eda el pr\u00f3ximo 21 de agosto, con los diferentes ministerios a cargo del registro y luego con el resto de agrupaciones.<\/p>\n","protected":false},"author":1,"featured_media":220346,"comment_status":"open","ping_status":"open","sticky":false,"template":"","format":"standard","meta":[],"categories":[40,37],"tags":[],"_links":{"self":[{"href":"https:\/\/www.ecuadortimes.net\/es\/wp-json\/wp\/v2\/posts\/220345"}],"collection":[{"href":"https:\/\/www.ecuadortimes.net\/es\/wp-json\/wp\/v2\/posts"}],"about":[{"href":"https:\/\/www.ecuadortimes.net\/es\/wp-json\/wp\/v2\/types\/post"}],"author":[{"embeddable":true,"href":"https:\/\/www.ecuadortimes.net\/es\/wp-json\/wp\/v2\/users\/1"}],"replies":[{"embeddable":true,"href":"https:\/\/www.ecuadortimes.net\/es\/wp-json\/wp\/v2\/comments?post=220345"}],"version-history":[{"count":0,"href":"https:\/\/www.ecuadortimes.net\/es\/wp-json\/wp\/v2\/posts\/220345\/revisions"}],"wp:featuredmedia":[{"embeddable":true,"href":"https:\/\/www.ecuadortimes.net\/es\/wp-json\/wp\/v2\/media\/220346"}],"wp:attachment":[{"href":"https:\/\/www.ecuadortimes.net\/es\/wp-json\/wp\/v2\/media?parent=220345"}],"wp:term":[{"taxonomy":"category","embeddable":true,"href":"https:\/\/www.ecuadortimes.net\/es\/wp-json\/wp\/v2\/categories?post=220345"},{"taxonomy":"post_tag","embeddable":true,"href":"https:\/\/www.ecuadortimes.net\/es\/wp-json\/wp\/v2\/tags?post=220345"}],"curies":[{"name":"wp","href":"https:\/\/api.w.org\/{rel}","templated":true}]}}