{"id":220351,"date":"2013-08-16T00:00:00","date_gmt":"2013-08-16T00:00:00","guid":{"rendered":"https:\/\/www.ecuadortimes.net\/es\/a%c2%81lex-quinonez-quedo-sexto-en-200-metros\/"},"modified":"2013-08-16T00:00:00","modified_gmt":"2013-08-16T00:00:00","slug":"a%c2%81lex-quinonez-quedo-sexto-en-200-metros","status":"publish","type":"post","link":"https:\/\/www.ecuadortimes.net\/es\/a%c2%81lex-quinonez-quedo-sexto-en-200-metros\/","title":{"rendered":"\u00c3\u0081lex Qui\u00f1onez qued\u00f3 sexto en 200 metros"},"content":{"rendered":"<p><strong>En la semifinal alcanz\u00f3 un tiempo de 20:55 y no le sirvi\u00f3 para clasificarse a las finales.<\/strong> Dos horas antes, en la clasificaci\u00f3n, Qui\u00f1\u00f3nez termin\u00f3 cuarto en el heat 2 preliminar con un tiempo de 20.47 segundos, mejor marca que el jamaiquino Usain Bolt, quien gan\u00f3 el heat 7 con 20.66.<\/p>\n<p><strong>En el tablero general de ubicaciones, el atleta esmeralde\u00f1o tuvo el noveno mejor tiempo en los 200 metros en el mundial de Atletismo en Rusia.<\/strong><\/p>\n<div id=\"attachment_124482\" style=\"width: 460px\" class=\"wp-caption aligncenter\"><img aria-describedby=\"caption-attachment-124482\" loading=\"lazy\" class=\"size-full wp-image-124482\" title=\"\u00c3\u0081lex Qui\u00f1onez, velocista ecuatoriano.\" src=\"http:\/\/media.ecuadortimes.net\/2013\/08\/alex-quinonez-sexto-atletico-rusia-l1.jpg\" alt=\"\u00c3\u0081lex Qui\u00f1onez, velocista ecuatoriano.\" width=\"450\" height=\"293\" \/><p id=\"caption-attachment-124482\" class=\"wp-caption-text\">\u00c3\u0081lex Qui\u00f1onez, velocista ecuatoriano.<\/p><\/div>\n","protected":false},"excerpt":{"rendered":"<p>En la semifinal alcanz\u00f3 un tiempo de 20:55 y no le sirvi\u00f3 para clasificarse a las finales. Dos horas antes, en la clasificaci\u00f3n, Qui\u00f1\u00f3nez termin\u00f3 cuarto en el heat 2 preliminar con un tiempo de 20.47 segundos, mejor marca que el jamaiquino Usain Bolt, quien gan\u00f3 el heat 7 con 20.66. En el tablero general de ubicaciones, el atleta esmeralde\u00f1o tuvo el noveno mejor tiempo en los 200 metros en el mundial de Atletismo en Rusia.<\/p>\n","protected":false},"author":1,"featured_media":220352,"comment_status":"open","ping_status":"open","sticky":false,"template":"","format":"standard","meta":[],"categories":[38,37],"tags":[],"_links":{"self":[{"href":"https:\/\/www.ecuadortimes.net\/es\/wp-json\/wp\/v2\/posts\/220351"}],"collection":[{"href":"https:\/\/www.ecuadortimes.net\/es\/wp-json\/wp\/v2\/posts"}],"about":[{"href":"https:\/\/www.ecuadortimes.net\/es\/wp-json\/wp\/v2\/types\/post"}],"author":[{"embeddable":true,"href":"https:\/\/www.ecuadortimes.net\/es\/wp-json\/wp\/v2\/users\/1"}],"replies":[{"embeddable":true,"href":"https:\/\/www.ecuadortimes.net\/es\/wp-json\/wp\/v2\/comments?post=220351"}],"version-history":[{"count":0,"href":"https:\/\/www.ecuadortimes.net\/es\/wp-json\/wp\/v2\/posts\/220351\/revisions"}],"wp:featuredmedia":[{"embeddable":true,"href":"https:\/\/www.ecuadortimes.net\/es\/wp-json\/wp\/v2\/media\/220352"}],"wp:attachment":[{"href":"https:\/\/www.ecuadortimes.net\/es\/wp-json\/wp\/v2\/media?parent=220351"}],"wp:term":[{"taxonomy":"category","embeddable":true,"href":"https:\/\/www.ecuadortimes.net\/es\/wp-json\/wp\/v2\/categories?post=220351"},{"taxonomy":"post_tag","embeddable":true,"href":"https:\/\/www.ecuadortimes.net\/es\/wp-json\/wp\/v2\/tags?post=220351"}],"curies":[{"name":"wp","href":"https:\/\/api.w.org\/{rel}","templated":true}]}}