{"id":220353,"date":"2013-08-16T00:00:00","date_gmt":"2013-08-16T00:00:00","guid":{"rendered":"https:\/\/www.ecuadortimes.net\/es\/los-ingleses-no-quieren-el-mundial-2022-en-catar\/"},"modified":"2013-08-16T00:00:00","modified_gmt":"2013-08-16T00:00:00","slug":"los-ingleses-no-quieren-el-mundial-2022-en-catar","status":"publish","type":"post","link":"https:\/\/www.ecuadortimes.net\/es\/los-ingleses-no-quieren-el-mundial-2022-en-catar\/","title":{"rendered":"Los ingleses no quieren el mundial 2022 en Catar"},"content":{"rendered":"<p><strong>La Liga Premier se sum\u00f3 a la Asociaci\u00f3n Inglesa de F\u00fatbol para solicitar a la FIFA que analice quitarle a Catar la Copa del Mundo 2022, bajo el argumento de que el clima (caluroso en la fecha del mundial) es un factor decisivo.<\/strong><\/p>\n<p>Las preocupaciones por tener que jugar en el calor abrasador del verano en el Golfo P\u00e9rsico y sus posibles repercusiones en deportistas y actores en general de la fiesta ecum\u00e9nica, han hecho incluir la cuesti\u00f3n en el temario para la pr\u00f3xima reuni\u00f3n de la dirigencia de la FIFA en octubre.<\/p>\n<p>Aunque la asociaci\u00f3n inglesa estar\u00eda abierta a que el certamen mundial pasara al invierno, la liga m\u00e1s rica del f\u00fatbol mundial se opone en\u00e9rgicamente porque perturbar\u00eda la temporada regular de agosto a mayo.<\/p>\n<div id=\"attachment_124489\" style=\"width: 460px\" class=\"wp-caption aligncenter\"><img aria-describedby=\"caption-attachment-124489\" loading=\"lazy\" class=\"size-full wp-image-124489\" title=\"El Director Ejecutivo de la Liga Premier, Richard Scudamore, se sum\u00f3 a la Asociaci\u00f3n Inglesa de Futbol para solicitar a la FIFA que analice quitarle a Catar la Copa Mundial 2022.\" src=\"http:\/\/media.ecuadortimes.net\/2013\/08\/quieren-remover-mundial-catar-l1.jpg\" alt=\"El Director Ejecutivo de la Liga Premier, Richard Scudamore, se sum\u00f3 a la Asociaci\u00f3n Inglesa de Futbol para solicitar a la FIFA que analice quitarle a Catar la Copa Mundial 2022.\" width=\"450\" height=\"300\" \/><p id=\"caption-attachment-124489\" class=\"wp-caption-text\">El Director Ejecutivo de la Liga Premier, Richard Scudamore, se sum\u00f3 a la Asociaci\u00f3n Inglesa de Futbol para solicitar a la FIFA que analice quitarle a Catar la Copa Mundial 2022.<\/p><\/div>\n","protected":false},"excerpt":{"rendered":"<p>La Liga Premier se sum\u00f3 a la Asociaci\u00f3n Inglesa de F\u00fatbol para solicitar a la FIFA que analice quitarle a Catar la Copa del Mundo 2022, bajo el argumento de que el clima (caluroso en la fecha del mundial) es un factor decisivo. Las preocupaciones por tener que jugar en el calor abrasador del verano en el Golfo P\u00e9rsico y sus posibles repercusiones en deportistas y actores en general de la fiesta ecum\u00e9nica, han hecho incluir la cuesti\u00f3n en el temario para la pr\u00f3xima reuni\u00f3n de la dirigencia de la FIFA en octubre. Aunque la asociaci\u00f3n inglesa estar\u00eda abierta a que el certamen mundial pasara al invierno, la liga m\u00e1s rica del f\u00fatbol mundial se opone en\u00e9rgicamente porque perturbar\u00eda la temporada regular de agosto a mayo.<\/p>\n","protected":false},"author":1,"featured_media":220354,"comment_status":"open","ping_status":"open","sticky":false,"template":"","format":"standard","meta":[],"categories":[39,37],"tags":[],"_links":{"self":[{"href":"https:\/\/www.ecuadortimes.net\/es\/wp-json\/wp\/v2\/posts\/220353"}],"collection":[{"href":"https:\/\/www.ecuadortimes.net\/es\/wp-json\/wp\/v2\/posts"}],"about":[{"href":"https:\/\/www.ecuadortimes.net\/es\/wp-json\/wp\/v2\/types\/post"}],"author":[{"embeddable":true,"href":"https:\/\/www.ecuadortimes.net\/es\/wp-json\/wp\/v2\/users\/1"}],"replies":[{"embeddable":true,"href":"https:\/\/www.ecuadortimes.net\/es\/wp-json\/wp\/v2\/comments?post=220353"}],"version-history":[{"count":0,"href":"https:\/\/www.ecuadortimes.net\/es\/wp-json\/wp\/v2\/posts\/220353\/revisions"}],"wp:featuredmedia":[{"embeddable":true,"href":"https:\/\/www.ecuadortimes.net\/es\/wp-json\/wp\/v2\/media\/220354"}],"wp:attachment":[{"href":"https:\/\/www.ecuadortimes.net\/es\/wp-json\/wp\/v2\/media?parent=220353"}],"wp:term":[{"taxonomy":"category","embeddable":true,"href":"https:\/\/www.ecuadortimes.net\/es\/wp-json\/wp\/v2\/categories?post=220353"},{"taxonomy":"post_tag","embeddable":true,"href":"https:\/\/www.ecuadortimes.net\/es\/wp-json\/wp\/v2\/tags?post=220353"}],"curies":[{"name":"wp","href":"https:\/\/api.w.org\/{rel}","templated":true}]}}