{"id":220359,"date":"2013-08-17T00:00:00","date_gmt":"2013-08-17T00:00:00","guid":{"rendered":"https:\/\/www.ecuadortimes.net\/es\/miles-de-fieles-en-procesion-de-san-jacinto-de-yaguachi\/"},"modified":"2013-08-17T00:00:00","modified_gmt":"2013-08-17T00:00:00","slug":"miles-de-fieles-en-procesion-de-san-jacinto-de-yaguachi","status":"publish","type":"post","link":"https:\/\/www.ecuadortimes.net\/es\/miles-de-fieles-en-procesion-de-san-jacinto-de-yaguachi\/","title":{"rendered":"Miles de fieles en procesi\u00f3n de San Jacinto de Yaguachi"},"content":{"rendered":"<p><strong>Miles de devotos participaron la tarde de ayer de la procesi\u00f3n en honor a san Jacinto, patrono de Yaguachi, la cual recorri\u00f3 calles del cant\u00f3n y fue el evento cumbre de las fiestas patronales de esa tradicional ciudad del Litoral ecuatoriano.<\/strong><\/p>\n<p>Con misas cada dos horas en la iglesia central, festivales art\u00edsticos, culturales y religiosos y masivas ferias de artesan\u00edas, as\u00ed como una amplia oferta gastron\u00f3mica, Yaguachi recibi\u00f3 a miles de visitantes, en su mayor\u00eda devotos de San Jacinto,\u00a0 santo al que le atribuyen milagros y favores concedidos.<\/p>\n<p>La tradicional fiesta religiosa tiene trascendencia provincial, nacional e internacional, ya que adem\u00e1s de turistas de diferentes ciudades del pa\u00eds, tambi\u00e9n llegan de varios pa\u00edses, especialmente Estados Unidos, Espa\u00f1a, Per\u00fa e Italia.<\/p>\n<div id=\"attachment_124531\" style=\"width: 510px\" class=\"wp-caption aligncenter\"><img aria-describedby=\"caption-attachment-124531\" loading=\"lazy\" class=\"size-full wp-image-124531\" title=\"San Jacinto de Yaguachi\" src=\"http:\/\/media.ecuadortimes.net\/2013\/08\/yaguachi-procesion-san-jacinto-l1.jpg\" alt=\"San Jacinto de Yaguachi\" width=\"500\" height=\"354\" \/><p id=\"caption-attachment-124531\" class=\"wp-caption-text\">San Jacinto de Yaguachi<\/p><\/div>\n","protected":false},"excerpt":{"rendered":"<p>Miles de devotos participaron la tarde de ayer de la procesi\u00f3n en honor a san Jacinto, patrono de Yaguachi, la cual recorri\u00f3 calles del cant\u00f3n y fue el evento cumbre de las fiestas patronales de esa tradicional ciudad del Litoral ecuatoriano. Con misas cada dos horas en la iglesia central, festivales art\u00edsticos, culturales y religiosos y masivas ferias de artesan\u00edas, as\u00ed como una amplia oferta gastron\u00f3mica, Yaguachi recibi\u00f3 a miles de visitantes, en su mayor\u00eda devotos de San Jacinto,\u00a0 santo al que le atribuyen milagros y favores concedidos. La tradicional fiesta religiosa tiene trascendencia provincial, nacional e internacional, ya que adem\u00e1s de turistas de diferentes ciudades del pa\u00eds, tambi\u00e9n llegan de varios pa\u00edses, especialmente Estados Unidos, Espa\u00f1a, Per\u00fa e Italia.<\/p>\n","protected":false},"author":1,"featured_media":220360,"comment_status":"open","ping_status":"open","sticky":false,"template":"","format":"standard","meta":[],"categories":[41,37],"tags":[],"_links":{"self":[{"href":"https:\/\/www.ecuadortimes.net\/es\/wp-json\/wp\/v2\/posts\/220359"}],"collection":[{"href":"https:\/\/www.ecuadortimes.net\/es\/wp-json\/wp\/v2\/posts"}],"about":[{"href":"https:\/\/www.ecuadortimes.net\/es\/wp-json\/wp\/v2\/types\/post"}],"author":[{"embeddable":true,"href":"https:\/\/www.ecuadortimes.net\/es\/wp-json\/wp\/v2\/users\/1"}],"replies":[{"embeddable":true,"href":"https:\/\/www.ecuadortimes.net\/es\/wp-json\/wp\/v2\/comments?post=220359"}],"version-history":[{"count":0,"href":"https:\/\/www.ecuadortimes.net\/es\/wp-json\/wp\/v2\/posts\/220359\/revisions"}],"wp:featuredmedia":[{"embeddable":true,"href":"https:\/\/www.ecuadortimes.net\/es\/wp-json\/wp\/v2\/media\/220360"}],"wp:attachment":[{"href":"https:\/\/www.ecuadortimes.net\/es\/wp-json\/wp\/v2\/media?parent=220359"}],"wp:term":[{"taxonomy":"category","embeddable":true,"href":"https:\/\/www.ecuadortimes.net\/es\/wp-json\/wp\/v2\/categories?post=220359"},{"taxonomy":"post_tag","embeddable":true,"href":"https:\/\/www.ecuadortimes.net\/es\/wp-json\/wp\/v2\/tags?post=220359"}],"curies":[{"name":"wp","href":"https:\/\/api.w.org\/{rel}","templated":true}]}}