{"id":220361,"date":"2013-08-17T00:00:00","date_gmt":"2013-08-17T00:00:00","guid":{"rendered":"https:\/\/www.ecuadortimes.net\/es\/emelec-cayo-1-a-2-ante-catolica-y-el-cuenca-goleo-6-a-1-al-quito\/"},"modified":"2013-08-17T00:00:00","modified_gmt":"2013-08-17T00:00:00","slug":"emelec-cayo-1-a-2-ante-catolica-y-el-cuenca-goleo-6-a-1-al-quito","status":"publish","type":"post","link":"https:\/\/www.ecuadortimes.net\/es\/emelec-cayo-1-a-2-ante-catolica-y-el-cuenca-goleo-6-a-1-al-quito\/","title":{"rendered":"Emelec cay\u00f3 1 a 2 ante Cat\u00f3lica y el Cuenca gole\u00f3 6 a 1 al Quito"},"content":{"rendered":"<p><strong>Los azules perdieron el partido y la punta, aunque est\u00e1n segundo con los mismos puntos que el equipo santo (18), pero un gol de diferencia menos.<\/strong><\/p>\n<div id=\"attachment_124539\" style=\"width: 440px\" class=\"wp-caption aligncenter\"><img aria-describedby=\"caption-attachment-124539\" loading=\"lazy\" class=\"size-full wp-image-124539\" title=\"Emelec fue derrotado por Universidad Cat\u00f3lica y perdi\u00f3 la punta del campeonato.\" src=\"http:\/\/media.ecuadortimes.net\/2013\/08\/universidad-catolica-vence-emelec-2-1-l1.jpg\" alt=\"Emelec fue derrotado por Universidad Cat\u00f3lica y perdi\u00f3 la punta del campeonato.\" width=\"430\" height=\"253\" \/><p id=\"caption-attachment-124539\" class=\"wp-caption-text\">Emelec fue derrotado por Universidad Cat\u00f3lica y perdi\u00f3 la punta del campeonato.<\/p><\/div>\n<p>En el otro partido clave de la fecha, Deportivo Quito fue goleado en Cuenca y se qued\u00f3 tercero a la espera del encuentro entre el Manta, que podr\u00eda superarlo si gana a Barcelona ma\u00f1ana en el monumental.<\/p>\n<p>La octava fecha, se completa con los partidos Liga de Quito vs. Independiente Jos\u00e9 Ter\u00e1n y Macar\u00e1 vs. Deportivo Quevedo hoy y ma\u00f1ana El <strong>Nacional vs. Liga de Loja y Barcelona, que estrena t\u00e9cnico (Luis Soler que reemplaz\u00f3 a Gustavo Costas) vs. Manta.<\/strong><\/p>\n<p><strong>Tabla de posiciones:<\/strong><\/p>\n<ul>\n<li>Universidad Cat\u00f3lica 18 puntos (+9)<\/li>\n<li>Emelec 18 puntos (+8)<\/li>\n<li>Deportivo Quito 16 puntos (-3)<\/li>\n<li>Manta 13 puntos (-2)<\/li>\n<li>Deportivo Cuenca 9 puntos (+6)<\/li>\n<li>Independiente 12 puntos (+3)<\/li>\n<li>El Nacional 12 puntos(+3)<\/li>\n<li>Liga de Quito 6 puntos<\/li>\n<li>Liga de Loja 5 puntos<\/li>\n<li>Barcelona 4 points<\/li>\n<li>Macar\u00e1 3 points<\/li>\n<li>Deportivo Quevedo 2 points<\/li>\n<\/ul>\n","protected":false},"excerpt":{"rendered":"<p>Los azules perdieron el partido y la punta, aunque est\u00e1n segundo con los mismos puntos que el equipo santo (18), pero un gol de diferencia menos. En el otro partido clave de la fecha, Deportivo Quito fue goleado en Cuenca y se qued\u00f3 tercero a la espera del encuentro entre el Manta, que podr\u00eda superarlo si gana a Barcelona ma\u00f1ana en el monumental. La octava fecha, se completa con los partidos Liga de Quito vs. Independiente Jos\u00e9 Ter\u00e1n y Macar\u00e1 vs. Deportivo Quevedo hoy y ma\u00f1ana El Nacional vs. Liga de Loja y Barcelona, que estrena t\u00e9cnico (Luis Soler que reemplaz\u00f3 a Gustavo Costas) vs. Manta. Tabla de posiciones: Universidad Cat\u00f3lica 18 puntos (+9) Emelec 18 puntos (+8) Deportivo Quito 16 puntos (-3) Manta 13 puntos (-2) Deportivo Cuenca 9 puntos (+6) Independiente 12 puntos (+3) El Nacional 12 puntos(+3) Liga de Quito 6 puntos Liga de Loja 5 puntos Barcelona 4 points Macar\u00e1 3 points Deportivo Quevedo 2 points<\/p>\n","protected":false},"author":1,"featured_media":220362,"comment_status":"open","ping_status":"open","sticky":false,"template":"","format":"standard","meta":[],"categories":[38,37],"tags":[],"_links":{"self":[{"href":"https:\/\/www.ecuadortimes.net\/es\/wp-json\/wp\/v2\/posts\/220361"}],"collection":[{"href":"https:\/\/www.ecuadortimes.net\/es\/wp-json\/wp\/v2\/posts"}],"about":[{"href":"https:\/\/www.ecuadortimes.net\/es\/wp-json\/wp\/v2\/types\/post"}],"author":[{"embeddable":true,"href":"https:\/\/www.ecuadortimes.net\/es\/wp-json\/wp\/v2\/users\/1"}],"replies":[{"embeddable":true,"href":"https:\/\/www.ecuadortimes.net\/es\/wp-json\/wp\/v2\/comments?post=220361"}],"version-history":[{"count":0,"href":"https:\/\/www.ecuadortimes.net\/es\/wp-json\/wp\/v2\/posts\/220361\/revisions"}],"wp:featuredmedia":[{"embeddable":true,"href":"https:\/\/www.ecuadortimes.net\/es\/wp-json\/wp\/v2\/media\/220362"}],"wp:attachment":[{"href":"https:\/\/www.ecuadortimes.net\/es\/wp-json\/wp\/v2\/media?parent=220361"}],"wp:term":[{"taxonomy":"category","embeddable":true,"href":"https:\/\/www.ecuadortimes.net\/es\/wp-json\/wp\/v2\/categories?post=220361"},{"taxonomy":"post_tag","embeddable":true,"href":"https:\/\/www.ecuadortimes.net\/es\/wp-json\/wp\/v2\/tags?post=220361"}],"curies":[{"name":"wp","href":"https:\/\/api.w.org\/{rel}","templated":true}]}}