{"id":220381,"date":"2013-08-19T00:00:00","date_gmt":"2013-08-19T00:00:00","guid":{"rendered":"https:\/\/www.ecuadortimes.net\/es\/correa-condiciona-consulta-sobre-yasuni\/"},"modified":"2013-08-19T00:00:00","modified_gmt":"2013-08-19T00:00:00","slug":"correa-condiciona-consulta-sobre-yasuni","status":"publish","type":"post","link":"https:\/\/www.ecuadortimes.net\/es\/correa-condiciona-consulta-sobre-yasuni\/","title":{"rendered":"Correa condiciona consulta sobre Yasun\u00ed"},"content":{"rendered":"<p><strong>Ahora los mayores &#8220;ecologistas&#8221; son los diarios mercantilistas (&#8230;) si vamos a consulta popular propondremos tambi\u00e9n diarios solamente digitales para ahorrar papel y evitar tanta tala indiscriminada de \u00e1rboles\u009d, expres\u00f3 el presidente Rafael Correa a trav\u00e9s de su cuenta en Twitter luego del rechazo por parte de medios escritos a su anuncio de explotar el 0,1% del Parque Nacional Yasun\u00ed.<\/strong><\/p>\n<p>As\u00ed mismo, el mandatario hizo un llamado a los ciudadanos a que &#8220;no se dejen enga\u00f1ar. Hay grupos que est\u00e1n politizando el Yasun\u00ed-ITT para por fin \u0098derrotar\u0099 al Gobierno, y manipulan sobre todo a los jovenes\u009d, agreg\u00f3.<\/p>\n<p>La decisi\u00f3n del mandatario gener\u00f3 rechazo en la red social de Twitter en donde se pudieron observar reacciones de usuarios indignados, quienes dudaban sobre la veracidad de una consulta popular sobre el tema.<\/p>\n<div id=\"attachment_124627\" style=\"width: 510px\" class=\"wp-caption aligncenter\"><img aria-describedby=\"caption-attachment-124627\" loading=\"lazy\" class=\"size-full wp-image-124627\" title=\"Cientos de ciudadanos contin\u00faan protestando en contra de la extracci\u00f3n petrolera en el Parque Nacional Yasun\u00ed.\" src=\"http:\/\/media.ecuadortimes.net\/2013\/08\/correa-propone-retirar-prensa-escrita-l1.jpg\" alt=\"Cientos de ciudadanos contin\u00faan protestando en contra de la extracci\u00f3n petrolera en el Parque Nacional Yasun\u00ed.\" width=\"500\" height=\"318\" \/><p id=\"caption-attachment-124627\" class=\"wp-caption-text\">Cientos de ciudadanos contin\u00faan protestando en contra de la extracci\u00f3n petrolera en el Parque Nacional Yasun\u00ed.<\/p><\/div>\n","protected":false},"excerpt":{"rendered":"<p>Ahora los mayores &#8220;ecologistas&#8221; son los diarios mercantilistas (&#8230;) si vamos a consulta popular propondremos tambi\u00e9n diarios solamente digitales para ahorrar papel y evitar tanta tala indiscriminada de \u00e1rboles\u009d, expres\u00f3 el presidente Rafael Correa a trav\u00e9s de su cuenta en Twitter luego del rechazo por parte de medios escritos a su anuncio de explotar el 0,1% del Parque Nacional Yasun\u00ed. As\u00ed mismo, el mandatario hizo un llamado a los ciudadanos a que &#8220;no se dejen enga\u00f1ar. Hay grupos que est\u00e1n politizando el Yasun\u00ed-ITT para por fin \u0098derrotar\u0099 al Gobierno, y manipulan sobre todo a los jovenes\u009d, agreg\u00f3. La decisi\u00f3n del mandatario gener\u00f3 rechazo en la red social de Twitter en donde se pudieron observar reacciones de usuarios indignados, quienes dudaban sobre la veracidad de una consulta popular sobre el tema.<\/p>\n","protected":false},"author":1,"featured_media":220382,"comment_status":"open","ping_status":"open","sticky":false,"template":"","format":"standard","meta":[],"categories":[43,37],"tags":[],"_links":{"self":[{"href":"https:\/\/www.ecuadortimes.net\/es\/wp-json\/wp\/v2\/posts\/220381"}],"collection":[{"href":"https:\/\/www.ecuadortimes.net\/es\/wp-json\/wp\/v2\/posts"}],"about":[{"href":"https:\/\/www.ecuadortimes.net\/es\/wp-json\/wp\/v2\/types\/post"}],"author":[{"embeddable":true,"href":"https:\/\/www.ecuadortimes.net\/es\/wp-json\/wp\/v2\/users\/1"}],"replies":[{"embeddable":true,"href":"https:\/\/www.ecuadortimes.net\/es\/wp-json\/wp\/v2\/comments?post=220381"}],"version-history":[{"count":0,"href":"https:\/\/www.ecuadortimes.net\/es\/wp-json\/wp\/v2\/posts\/220381\/revisions"}],"wp:featuredmedia":[{"embeddable":true,"href":"https:\/\/www.ecuadortimes.net\/es\/wp-json\/wp\/v2\/media\/220382"}],"wp:attachment":[{"href":"https:\/\/www.ecuadortimes.net\/es\/wp-json\/wp\/v2\/media?parent=220381"}],"wp:term":[{"taxonomy":"category","embeddable":true,"href":"https:\/\/www.ecuadortimes.net\/es\/wp-json\/wp\/v2\/categories?post=220381"},{"taxonomy":"post_tag","embeddable":true,"href":"https:\/\/www.ecuadortimes.net\/es\/wp-json\/wp\/v2\/tags?post=220381"}],"curies":[{"name":"wp","href":"https:\/\/api.w.org\/{rel}","templated":true}]}}