{"id":220389,"date":"2013-08-19T00:00:00","date_gmt":"2013-08-19T00:00:00","guid":{"rendered":"https:\/\/www.ecuadortimes.net\/es\/daule-es-la-capital-arrocera-del-ecuador\/"},"modified":"2013-08-19T00:00:00","modified_gmt":"2013-08-19T00:00:00","slug":"daule-es-la-capital-arrocera-del-ecuador","status":"publish","type":"post","link":"https:\/\/www.ecuadortimes.net\/es\/daule-es-la-capital-arrocera-del-ecuador\/","title":{"rendered":"Daule es la capital arrocera del Ecuador"},"content":{"rendered":"<p><strong>El Ministerio de Agricultura reconoci\u00f3 que el cant\u00f3n Daule es la capital arrocera del Ecuador, ratificando la opini\u00f3n del municipio del cant\u00f3n,<\/strong> el cual desde el 8 de agosto pasado, asegur\u00f3 que la ciudad de Daule ya es reconocida oficialmente como la Capital Arrocera del Ecuador\u009d, a trav\u00e9s de una ordenanza.<\/p>\n<p>El municipio, el cual hab\u00eda emitido la ordenanza en octubre del 2012, tambi\u00e9n dispuso que <strong>el 25 de noviembre de cada a\u00f1o sea reconocido como el d\u00eda del productor arrocero daule\u00f1o y que cada entidad del cant\u00f3n inserte en su papeler\u00eda la leyenda: \u0098Daule, la Capital Arrocera del Ecuador\u0099.<\/strong><\/p>\n<p>La resoluci\u00f3n se realiz\u00f3 para promover y estimular la dedicaci\u00f3n y el esfuerzo que hacen los agricultores daule\u00f1os en pro del bienestar y desarrollo de la econom\u00eda de nuestro cant\u00f3n y del pa\u00eds, configurando una identidad propia a nivel nacional\u009d, declar\u00f3 el Consejo Municipal.<\/p>\n<p>Daule produce 30 000 hect\u00e1reas de arroz y cada a\u00f1o se utilizan m\u00e1s de un mill\u00f3n de jornales, que a un costo de $ 10 jornal\/d\u00eda, significa un movimiento de $ 10 millones al a\u00f1o. Parte de la producci\u00f3n excedente se suele exportar a Colombia.<\/p>\n<div id=\"attachment_124662\" style=\"width: 500px\" class=\"wp-caption aligncenter\"><img aria-describedby=\"caption-attachment-124662\" loading=\"lazy\" class=\"size-full wp-image-124662\" title=\"Daule es la capital arrocera del Ecuador\" src=\"http:\/\/media.ecuadortimes.net\/2013\/08\/daule-capital-arrocera-ecuador-l1.jpg\" alt=\"Daule es la capital arrocera del Ecuador\" width=\"490\" height=\"329\" \/><p id=\"caption-attachment-124662\" class=\"wp-caption-text\">Daule es la capital arrocera del Ecuador<\/p><\/div>\n","protected":false},"excerpt":{"rendered":"<p>El Ministerio de Agricultura reconoci\u00f3 que el cant\u00f3n Daule es la capital arrocera del Ecuador, ratificando la opini\u00f3n del municipio del cant\u00f3n, el cual desde el 8 de agosto pasado, asegur\u00f3 que la ciudad de Daule ya es reconocida oficialmente como la Capital Arrocera del Ecuador\u009d, a trav\u00e9s de una ordenanza. El municipio, el cual hab\u00eda emitido la ordenanza en octubre del 2012, tambi\u00e9n dispuso que el 25 de noviembre de cada a\u00f1o sea reconocido como el d\u00eda del productor arrocero daule\u00f1o y que cada entidad del cant\u00f3n inserte en su papeler\u00eda la leyenda: \u0098Daule, la Capital Arrocera del Ecuador\u0099. La resoluci\u00f3n se realiz\u00f3 para promover y estimular la dedicaci\u00f3n y el esfuerzo que hacen los agricultores daule\u00f1os en pro del bienestar y desarrollo de la econom\u00eda de nuestro cant\u00f3n y del pa\u00eds, configurando una identidad propia a nivel nacional\u009d, declar\u00f3 el Consejo Municipal. Daule produce 30 000 hect\u00e1reas de arroz y cada a\u00f1o se utilizan m\u00e1s de un mill\u00f3n de jornales, que a un costo de $ 10 jornal\/d\u00eda, significa un movimiento de $ 10 millones al a\u00f1o. Parte de la producci\u00f3n excedente se suele exportar a Colombia.<\/p>\n","protected":false},"author":1,"featured_media":220390,"comment_status":"open","ping_status":"open","sticky":false,"template":"","format":"standard","meta":[],"categories":[43,37],"tags":[],"_links":{"self":[{"href":"https:\/\/www.ecuadortimes.net\/es\/wp-json\/wp\/v2\/posts\/220389"}],"collection":[{"href":"https:\/\/www.ecuadortimes.net\/es\/wp-json\/wp\/v2\/posts"}],"about":[{"href":"https:\/\/www.ecuadortimes.net\/es\/wp-json\/wp\/v2\/types\/post"}],"author":[{"embeddable":true,"href":"https:\/\/www.ecuadortimes.net\/es\/wp-json\/wp\/v2\/users\/1"}],"replies":[{"embeddable":true,"href":"https:\/\/www.ecuadortimes.net\/es\/wp-json\/wp\/v2\/comments?post=220389"}],"version-history":[{"count":0,"href":"https:\/\/www.ecuadortimes.net\/es\/wp-json\/wp\/v2\/posts\/220389\/revisions"}],"wp:featuredmedia":[{"embeddable":true,"href":"https:\/\/www.ecuadortimes.net\/es\/wp-json\/wp\/v2\/media\/220390"}],"wp:attachment":[{"href":"https:\/\/www.ecuadortimes.net\/es\/wp-json\/wp\/v2\/media?parent=220389"}],"wp:term":[{"taxonomy":"category","embeddable":true,"href":"https:\/\/www.ecuadortimes.net\/es\/wp-json\/wp\/v2\/categories?post=220389"},{"taxonomy":"post_tag","embeddable":true,"href":"https:\/\/www.ecuadortimes.net\/es\/wp-json\/wp\/v2\/tags?post=220389"}],"curies":[{"name":"wp","href":"https:\/\/api.w.org\/{rel}","templated":true}]}}