{"id":220396,"date":"2013-08-20T00:00:00","date_gmt":"2013-08-20T00:00:00","guid":{"rendered":"https:\/\/www.ecuadortimes.net\/es\/dos-lideres-de-las-farc-son-abatidos\/"},"modified":"2013-08-20T00:00:00","modified_gmt":"2013-08-20T00:00:00","slug":"dos-lideres-de-las-farc-son-abatidos","status":"publish","type":"post","link":"https:\/\/www.ecuadortimes.net\/es\/dos-lideres-de-las-farc-son-abatidos\/","title":{"rendered":"Dos l\u00edderes de las FARC son abatidos"},"content":{"rendered":"<div id=\"attachment_124717\" style=\"width: 310px\" class=\"wp-caption alignleft\"><img aria-describedby=\"caption-attachment-124717\" loading=\"lazy\" class=\"size-medium wp-image-124717\" title=\"Mueren dos l\u00edderes de las FARC\" src=\"http:\/\/media.ecuadortimes.net\/2013\/08\/more-FARC-leaders-killed3-300x225.jpg\" alt=\"Mueren dos l\u00edderes de las FARC\" width=\"300\" height=\"225\" \/><p id=\"caption-attachment-124717\" class=\"wp-caption-text\">Mueren dos l\u00edderes de las FARC<\/p><\/div>\n<p><strong>Miembros militares de Colombia abatieron el domingo pasado, 18 de agosto, a dos jefes de las Fuerzas Armadas Revolucionarias de Colombia (FARC) en el suroeste del pa\u00eds. La prensa local hizo el anuncio.<\/strong><\/p>\n<p>Los paramilitares fueron identificados como alias <strong>Jaimito<\/strong>\u009d y alias <strong>el Burro<\/strong>\u009d, los que perecieron durante un bombardeo a su campamento localizado en la zona rural de Toribi\u00f3, en el sector del Cauca (suroeste).<\/p>\n<p>Este operativo fue organizado por el Ej\u00e9rcito y la polic\u00eda colombiana.<\/p>\n<p>Fuentes oficiales informaron que los dos fallecidos ser\u00edan comandantes del sexto frente las FARC, que dirigen operaciones en el Cauca.<\/p>\n<p>A pesar que las FARC ha propuesto un cese al fuego bilateral mientras se efect\u00faan los di\u00e1logos de paz con el grupo guerrillero y el gobierno colombiano desde el 2012, los ataques del presidente Juan Manuel Santos contin\u00faan, pues considera que dicha propuesta puede ser utilizado por el grupo insurgente para fortalecerse militarmente.<\/p>\n","protected":false},"excerpt":{"rendered":"<p>Miembros militares de Colombia abatieron el domingo pasado, 18 de agosto, a dos jefes de las Fuerzas Armadas Revolucionarias de Colombia (FARC) en el suroeste del pa\u00eds. La prensa local hizo el anuncio. Los paramilitares fueron identificados como alias Jaimito\u009d y alias el Burro\u009d, los que perecieron durante un bombardeo a su campamento localizado en la zona rural de Toribi\u00f3, en el sector del Cauca (suroeste). Este operativo fue organizado por el Ej\u00e9rcito y la polic\u00eda colombiana. Fuentes oficiales informaron que los dos fallecidos ser\u00edan comandantes del sexto frente las FARC, que dirigen operaciones en el Cauca. A pesar que las FARC ha propuesto un cese al fuego bilateral mientras se efect\u00faan los di\u00e1logos de paz con el grupo guerrillero y el gobierno colombiano desde el 2012, los ataques del presidente Juan Manuel Santos contin\u00faan, pues considera que dicha propuesta puede ser utilizado por el grupo insurgente para fortalecerse militarmente.<\/p>\n","protected":false},"author":1,"featured_media":220397,"comment_status":"open","ping_status":"open","sticky":false,"template":"","format":"standard","meta":[],"categories":[34,37],"tags":[],"_links":{"self":[{"href":"https:\/\/www.ecuadortimes.net\/es\/wp-json\/wp\/v2\/posts\/220396"}],"collection":[{"href":"https:\/\/www.ecuadortimes.net\/es\/wp-json\/wp\/v2\/posts"}],"about":[{"href":"https:\/\/www.ecuadortimes.net\/es\/wp-json\/wp\/v2\/types\/post"}],"author":[{"embeddable":true,"href":"https:\/\/www.ecuadortimes.net\/es\/wp-json\/wp\/v2\/users\/1"}],"replies":[{"embeddable":true,"href":"https:\/\/www.ecuadortimes.net\/es\/wp-json\/wp\/v2\/comments?post=220396"}],"version-history":[{"count":0,"href":"https:\/\/www.ecuadortimes.net\/es\/wp-json\/wp\/v2\/posts\/220396\/revisions"}],"wp:featuredmedia":[{"embeddable":true,"href":"https:\/\/www.ecuadortimes.net\/es\/wp-json\/wp\/v2\/media\/220397"}],"wp:attachment":[{"href":"https:\/\/www.ecuadortimes.net\/es\/wp-json\/wp\/v2\/media?parent=220396"}],"wp:term":[{"taxonomy":"category","embeddable":true,"href":"https:\/\/www.ecuadortimes.net\/es\/wp-json\/wp\/v2\/categories?post=220396"},{"taxonomy":"post_tag","embeddable":true,"href":"https:\/\/www.ecuadortimes.net\/es\/wp-json\/wp\/v2\/tags?post=220396"}],"curies":[{"name":"wp","href":"https:\/\/api.w.org\/{rel}","templated":true}]}}