{"id":220423,"date":"2013-08-20T00:00:00","date_gmt":"2013-08-20T00:00:00","guid":{"rendered":"https:\/\/www.ecuadortimes.net\/es\/patino-califica-de-error-no-dar-salvoconducto-a-assange\/"},"modified":"2013-08-20T00:00:00","modified_gmt":"2013-08-20T00:00:00","slug":"patino-califica-de-error-no-dar-salvoconducto-a-assange","status":"publish","type":"post","link":"https:\/\/www.ecuadortimes.net\/es\/patino-califica-de-error-no-dar-salvoconducto-a-assange\/","title":{"rendered":"Pati\u00f1o califica de error no dar salvoconducto a Assange"},"content":{"rendered":"<div id=\"attachment_124850\" style=\"width: 310px\" class=\"wp-caption alignleft\"><img aria-describedby=\"caption-attachment-124850\" loading=\"lazy\" class=\"size-medium wp-image-124850\" title=\"Ricardo Pati\u00f1o\" src=\"http:\/\/media.ecuadortimes.net\/2013\/08\/Ricardo-the-shit-Pati\u00f1o-thinks-to-high-of-himself-dumbass-piece-of-shit3-300x225.jpg\" alt=\"Ricardo Pati\u00f1o\" width=\"300\" height=\"225\" \/><p id=\"caption-attachment-124850\" class=\"wp-caption-text\">Ricardo Pati\u00f1o<\/p><\/div>\n<p>El ministro de Relaciones Exteriores advirti\u00f3 el lunes pasado al Gobierno brit\u00e1nico que <strong><em>est\u00e1 cometiendo un grav\u00edsimo error<\/em><\/strong>\u009d al no dar un salvoconducto a Julian Assange, fundador de WikiLeaks, para que pueda salir de la embajada ecuatoriana en Londres, donde se ha refugiado por 14 meses.<\/p>\n<p><strong><em>Creemos que (el gobierno brit\u00e1nico) est\u00e1 cometiendo un grav\u00edsimo error al tener tanto tiempo a un ser humano en las condiciones en que, por su inacci\u00f3n al no darle un salvoconducto, lo est\u00e1n manteniendo<\/em><\/strong>\u009d, respondi\u00f3 Pati\u00f1o a la cadena Telesur en Caracas (Venezuela).<\/p>\n<p>El canciller agreg\u00f3 <strong><em>esperamos que el gobierno brit\u00e1nico, en alg\u00fan momento, entienda que lo que est\u00e1 haciendo es incorrecto, que lo que est\u00e1 haciendo est\u00e1 en contra de la legislaci\u00f3n y de las normas internacionales<\/em><\/strong>&#8220;, agreg\u00f3 el canciller, que inst\u00f3 de nuevo al gobierno brit\u00e1nico a &#8220;<strong><em>tomar una decisi\u00f3n que tiene suficiente basamento jur\u00eddico<\/em><\/strong>\u009d.<\/p>\n","protected":false},"excerpt":{"rendered":"<p>El ministro de Relaciones Exteriores advirti\u00f3 el lunes pasado al Gobierno brit\u00e1nico que est\u00e1 cometiendo un grav\u00edsimo error\u009d al no dar un salvoconducto a Julian Assange, fundador de WikiLeaks, para que pueda salir de la embajada ecuatoriana en Londres, donde se ha refugiado por 14 meses. Creemos que (el gobierno brit\u00e1nico) est\u00e1 cometiendo un grav\u00edsimo error al tener tanto tiempo a un ser humano en las condiciones en que, por su inacci\u00f3n al no darle un salvoconducto, lo est\u00e1n manteniendo\u009d, respondi\u00f3 Pati\u00f1o a la cadena Telesur en Caracas (Venezuela). El canciller agreg\u00f3 esperamos que el gobierno brit\u00e1nico, en alg\u00fan momento, entienda que lo que est\u00e1 haciendo es incorrecto, que lo que est\u00e1 haciendo est\u00e1 en contra de la legislaci\u00f3n y de las normas internacionales&#8220;, agreg\u00f3 el canciller, que inst\u00f3 de nuevo al gobierno brit\u00e1nico a &#8220;tomar una decisi\u00f3n que tiene suficiente basamento jur\u00eddico\u009d.<\/p>\n","protected":false},"author":1,"featured_media":220424,"comment_status":"open","ping_status":"open","sticky":false,"template":"","format":"standard","meta":[],"categories":[40,37],"tags":[],"_links":{"self":[{"href":"https:\/\/www.ecuadortimes.net\/es\/wp-json\/wp\/v2\/posts\/220423"}],"collection":[{"href":"https:\/\/www.ecuadortimes.net\/es\/wp-json\/wp\/v2\/posts"}],"about":[{"href":"https:\/\/www.ecuadortimes.net\/es\/wp-json\/wp\/v2\/types\/post"}],"author":[{"embeddable":true,"href":"https:\/\/www.ecuadortimes.net\/es\/wp-json\/wp\/v2\/users\/1"}],"replies":[{"embeddable":true,"href":"https:\/\/www.ecuadortimes.net\/es\/wp-json\/wp\/v2\/comments?post=220423"}],"version-history":[{"count":0,"href":"https:\/\/www.ecuadortimes.net\/es\/wp-json\/wp\/v2\/posts\/220423\/revisions"}],"wp:featuredmedia":[{"embeddable":true,"href":"https:\/\/www.ecuadortimes.net\/es\/wp-json\/wp\/v2\/media\/220424"}],"wp:attachment":[{"href":"https:\/\/www.ecuadortimes.net\/es\/wp-json\/wp\/v2\/media?parent=220423"}],"wp:term":[{"taxonomy":"category","embeddable":true,"href":"https:\/\/www.ecuadortimes.net\/es\/wp-json\/wp\/v2\/categories?post=220423"},{"taxonomy":"post_tag","embeddable":true,"href":"https:\/\/www.ecuadortimes.net\/es\/wp-json\/wp\/v2\/tags?post=220423"}],"curies":[{"name":"wp","href":"https:\/\/api.w.org\/{rel}","templated":true}]}}