{"id":220436,"date":"2013-08-21T00:00:00","date_gmt":"2013-08-21T00:00:00","guid":{"rendered":"https:\/\/www.ecuadortimes.net\/es\/huelga-de-ecudos-continua\/"},"modified":"2013-08-21T00:00:00","modified_gmt":"2013-08-21T00:00:00","slug":"huelga-de-ecudos-continua","status":"publish","type":"post","link":"https:\/\/www.ecuadortimes.net\/es\/huelga-de-ecudos-continua\/","title":{"rendered":"Huelga de Ecudos contin\u00faa"},"content":{"rendered":"<p><strong>Desde el 15 de agosto pasado, cientos de trabajadores se congregan en las afueras de la planta azucarera Ecudos, en La Troncal, provincia de Ca\u00f1ar, para exigir el pago de utilidades pendientes, aumento salarial de $ 305 a $ 318, entre otros.<\/strong><\/p>\n<p><strong>El secretario general del sindicato de trabajadores de Ecudos, Gerardo Granizo, asegur\u00f3 que la huelga seguir\u00e1 a menos que el Grupo Gloria, due\u00f1a del 70% de las acciones, y el Ministerio Laboral, garanticen el di\u00e1logo.<\/strong><\/p>\n<p>Por su parte, el ministro laboral, Francisco Vacas, afirm\u00f3 que un tribunal designar\u00e1 vocales para convocar audiencias y llegar a posibles acuerdos. Vacas tambi\u00e9n insisti\u00f3 a los trabajadores a retomar sus actividades por el momento.<\/p>\n<p>Sin embargo, Vacas asegur\u00f3 que la medida de hecho no afectar\u00e1 el normal abastecimiento de az\u00facar en el pa\u00eds y descart\u00f3 un posible desabastecimiento.<\/p>\n<p>Mientras tanto, los trabajadores aprovechan las canchas en los exteriores de la planta y juegan f\u00fatbol, v\u00f3ley, etc, mientras otros se relajan escuchando m\u00fasica tropical en alto volumen.<\/p>\n<div id=\"attachment_124942\" style=\"width: 510px\" class=\"wp-caption aligncenter\"><img aria-describedby=\"caption-attachment-124942\" loading=\"lazy\" class=\"size-full wp-image-124942\" title=\"Trabajadores de Ecudos en las afueras de la Planta Azucarera.\" src=\"http:\/\/media.ecuadortimes.net\/2013\/08\/ecudos-trabajadores-uelga-continua-l1.jpg\" alt=\"Trabajadores de Ecudos en las afueras de la Planta Azucarera.\" width=\"500\" height=\"286\" \/><p id=\"caption-attachment-124942\" class=\"wp-caption-text\">Trabajadores de Ecudos en las afueras de la Planta Azucarera.<\/p><\/div>\n","protected":false},"excerpt":{"rendered":"<p>Desde el 15 de agosto pasado, cientos de trabajadores se congregan en las afueras de la planta azucarera Ecudos, en La Troncal, provincia de Ca\u00f1ar, para exigir el pago de utilidades pendientes, aumento salarial de $ 305 a $ 318, entre otros. El secretario general del sindicato de trabajadores de Ecudos, Gerardo Granizo, asegur\u00f3 que la huelga seguir\u00e1 a menos que el Grupo Gloria, due\u00f1a del 70% de las acciones, y el Ministerio Laboral, garanticen el di\u00e1logo. Por su parte, el ministro laboral, Francisco Vacas, afirm\u00f3 que un tribunal designar\u00e1 vocales para convocar audiencias y llegar a posibles acuerdos. Vacas tambi\u00e9n insisti\u00f3 a los trabajadores a retomar sus actividades por el momento. Sin embargo, Vacas asegur\u00f3 que la medida de hecho no afectar\u00e1 el normal abastecimiento de az\u00facar en el pa\u00eds y descart\u00f3 un posible desabastecimiento. Mientras tanto, los trabajadores aprovechan las canchas en los exteriores de la planta y juegan f\u00fatbol, v\u00f3ley, etc, mientras otros se relajan escuchando m\u00fasica tropical en alto volumen.<\/p>\n","protected":false},"author":1,"featured_media":220437,"comment_status":"open","ping_status":"open","sticky":false,"template":"","format":"standard","meta":[],"categories":[43,37],"tags":[],"_links":{"self":[{"href":"https:\/\/www.ecuadortimes.net\/es\/wp-json\/wp\/v2\/posts\/220436"}],"collection":[{"href":"https:\/\/www.ecuadortimes.net\/es\/wp-json\/wp\/v2\/posts"}],"about":[{"href":"https:\/\/www.ecuadortimes.net\/es\/wp-json\/wp\/v2\/types\/post"}],"author":[{"embeddable":true,"href":"https:\/\/www.ecuadortimes.net\/es\/wp-json\/wp\/v2\/users\/1"}],"replies":[{"embeddable":true,"href":"https:\/\/www.ecuadortimes.net\/es\/wp-json\/wp\/v2\/comments?post=220436"}],"version-history":[{"count":0,"href":"https:\/\/www.ecuadortimes.net\/es\/wp-json\/wp\/v2\/posts\/220436\/revisions"}],"wp:featuredmedia":[{"embeddable":true,"href":"https:\/\/www.ecuadortimes.net\/es\/wp-json\/wp\/v2\/media\/220437"}],"wp:attachment":[{"href":"https:\/\/www.ecuadortimes.net\/es\/wp-json\/wp\/v2\/media?parent=220436"}],"wp:term":[{"taxonomy":"category","embeddable":true,"href":"https:\/\/www.ecuadortimes.net\/es\/wp-json\/wp\/v2\/categories?post=220436"},{"taxonomy":"post_tag","embeddable":true,"href":"https:\/\/www.ecuadortimes.net\/es\/wp-json\/wp\/v2\/tags?post=220436"}],"curies":[{"name":"wp","href":"https:\/\/api.w.org\/{rel}","templated":true}]}}