{"id":220446,"date":"2013-08-21T00:00:00","date_gmt":"2013-08-21T00:00:00","guid":{"rendered":"https:\/\/www.ecuadortimes.net\/es\/adolescentes-hispanos-son-los-que-mas-abusan-de-psicotropicos-en-ee-uu\/"},"modified":"2013-08-21T00:00:00","modified_gmt":"2013-08-21T00:00:00","slug":"adolescentes-hispanos-son-los-que-mas-abusan-de-psicotropicos-en-ee-uu","status":"publish","type":"post","link":"https:\/\/www.ecuadortimes.net\/es\/adolescentes-hispanos-son-los-que-mas-abusan-de-psicotropicos-en-ee-uu\/","title":{"rendered":"Adolescentes hispanos son los que m\u00e1s abusan de psicotr\u00f3picos en EE.UU."},"content":{"rendered":"<div id=\"attachment_124982\" style=\"width: 310px\" class=\"wp-caption alignright\"><img aria-describedby=\"caption-attachment-124982\" loading=\"lazy\" class=\"size-medium wp-image-124982\" title=\"Hispanos consumen m\u00e1s drogas\" src=\"http:\/\/media.ecuadortimes.net\/2013\/08\/shit-hit-the-fan3-300x225.jpg\" alt=\"Hispanos consumen m\u00e1s drogas\" width=\"300\" height=\"225\" \/><p id=\"caption-attachment-124982\" class=\"wp-caption-text\">Hispanos consumen m\u00e1s drogas<\/p><\/div>\n<p><strong>Una encuesta de la organizaci\u00f3n nacional The Parternish at Drugfree.org revel\u00f3 que ese colectivo es el que consume drogas a niveles mucho m\u00e1s altos que adolescentes de otras etnias. Se sospecha que esta alarmante situaci\u00f3n se atribuye a que los padres son m\u00e1s permisivos.<\/strong><\/p>\n<p><strong>El abuso de sustancias se est\u00e1 convirtiendo en comportamiento normalizado entre los j\u00f3venes latinos<\/strong>\u009d, se\u00f1al\u00f3 la Organizaci\u00f3n. Dicho reporte revel\u00f3 que un 54% de los adolescentes hispanos admiti\u00f3 probar una droga il\u00edcita, frente al 45% de adolescentes afroamericanos y el 36% de adolescentes cauc\u00e1sicos.<\/p>\n<p>A\u00f1adieron que esa etnia consume m\u00e1s marihuana, \u00e9xtasis y coca\u00edna que otros grupos \u00e9tnicos. Tambi\u00e9n est\u00e1 el abuso de los medicamentos con receta como la oxicodona o la vicodina que aument\u00f3 significativamente entre adolescentes hispanos en los \u00faltimos dos a\u00f1os.<\/p>\n<p>Sean Clarkin, director de programas de The Partnership dijo a The Associated Press <strong><em>si se toman de forma indebida o se abusa de ellos se convierten r\u00e1pidamente en un h\u00e1bito y son muy adictivos<\/em><\/strong>\u009d.<\/p>\n","protected":false},"excerpt":{"rendered":"<p>Una encuesta de la organizaci\u00f3n nacional The Parternish at Drugfree.org revel\u00f3 que ese colectivo es el que consume drogas a niveles mucho m\u00e1s altos que adolescentes de otras etnias. Se sospecha que esta alarmante situaci\u00f3n se atribuye a que los padres son m\u00e1s permisivos. El abuso de sustancias se est\u00e1 convirtiendo en comportamiento normalizado entre los j\u00f3venes latinos\u009d, se\u00f1al\u00f3 la Organizaci\u00f3n. Dicho reporte revel\u00f3 que un 54% de los adolescentes hispanos admiti\u00f3 probar una droga il\u00edcita, frente al 45% de adolescentes afroamericanos y el 36% de adolescentes cauc\u00e1sicos. A\u00f1adieron que esa etnia consume m\u00e1s marihuana, \u00e9xtasis y coca\u00edna que otros grupos \u00e9tnicos. Tambi\u00e9n est\u00e1 el abuso de los medicamentos con receta como la oxicodona o la vicodina que aument\u00f3 significativamente entre adolescentes hispanos en los \u00faltimos dos a\u00f1os. Sean Clarkin, director de programas de The Partnership dijo a The Associated Press si se toman de forma indebida o se abusa de ellos se convierten r\u00e1pidamente en un h\u00e1bito y son muy adictivos\u009d.<\/p>\n","protected":false},"author":1,"featured_media":220447,"comment_status":"open","ping_status":"open","sticky":false,"template":"","format":"standard","meta":[],"categories":[36,37],"tags":[],"_links":{"self":[{"href":"https:\/\/www.ecuadortimes.net\/es\/wp-json\/wp\/v2\/posts\/220446"}],"collection":[{"href":"https:\/\/www.ecuadortimes.net\/es\/wp-json\/wp\/v2\/posts"}],"about":[{"href":"https:\/\/www.ecuadortimes.net\/es\/wp-json\/wp\/v2\/types\/post"}],"author":[{"embeddable":true,"href":"https:\/\/www.ecuadortimes.net\/es\/wp-json\/wp\/v2\/users\/1"}],"replies":[{"embeddable":true,"href":"https:\/\/www.ecuadortimes.net\/es\/wp-json\/wp\/v2\/comments?post=220446"}],"version-history":[{"count":0,"href":"https:\/\/www.ecuadortimes.net\/es\/wp-json\/wp\/v2\/posts\/220446\/revisions"}],"wp:featuredmedia":[{"embeddable":true,"href":"https:\/\/www.ecuadortimes.net\/es\/wp-json\/wp\/v2\/media\/220447"}],"wp:attachment":[{"href":"https:\/\/www.ecuadortimes.net\/es\/wp-json\/wp\/v2\/media?parent=220446"}],"wp:term":[{"taxonomy":"category","embeddable":true,"href":"https:\/\/www.ecuadortimes.net\/es\/wp-json\/wp\/v2\/categories?post=220446"},{"taxonomy":"post_tag","embeddable":true,"href":"https:\/\/www.ecuadortimes.net\/es\/wp-json\/wp\/v2\/tags?post=220446"}],"curies":[{"name":"wp","href":"https:\/\/api.w.org\/{rel}","templated":true}]}}