{"id":220449,"date":"2013-08-21T00:00:00","date_gmt":"2013-08-21T00:00:00","guid":{"rendered":"https:\/\/www.ecuadortimes.net\/es\/periodistas-de-gobovision-venezolana-renuncian-por-cambios-de-linea-editorial\/"},"modified":"2013-08-21T00:00:00","modified_gmt":"2013-08-21T00:00:00","slug":"periodistas-de-gobovision-venezolana-renuncian-por-cambios-de-linea-editorial","status":"publish","type":"post","link":"https:\/\/www.ecuadortimes.net\/es\/periodistas-de-gobovision-venezolana-renuncian-por-cambios-de-linea-editorial\/","title":{"rendered":"Periodistas de Gobovisi\u00f3n venezolana renuncian por cambios de l\u00ednea editorial"},"content":{"rendered":"<p><strong>Les presento mi renuncia a partir de hoy porque en &#8216;Globovisi\u00f3n&#8217; no est\u00e1n dadas las circunstancias para hacer un periodismo libre\u009d, dijo Roberto Giusti, conductor del programa de an\u00e1lisis \u0098Grado 33\u0099, quien junto a otros cinco periodistas, decidi\u00f3 abandonar el canal venezolano, el cual fue comprado por un grupo de empresarios del sector burs\u00e1til y de seguros, supuestamente afines al r\u00e9gimen del presidente Nicol\u00e1s Maduro.<\/strong><\/p>\n<div id=\"attachment_125005\" style=\"width: 510px\" class=\"wp-caption aligncenter\"><img aria-describedby=\"caption-attachment-125005\" loading=\"lazy\" class=\"size-full wp-image-125005\" title=\"Roberto Giusti: En 'Globovisi\u00f3n' no est\u00e1n dadas las circunstancias para hacer un periodismo libre.\" src=\"http:\/\/media.ecuadortimes.net\/2013\/08\/periodistas-renuncian-globovision-l1.jpg\" alt=\"Roberto Giusti: En 'Globovisi\u00f3n' no est\u00e1n dadas las circunstancias para hacer un periodismo libre.\" width=\"500\" height=\"333\" \/><p id=\"caption-attachment-125005\" class=\"wp-caption-text\">Roberto Giusti: En &#8216;Globovisi\u00f3n&#8217; no est\u00e1n dadas las circunstancias para hacer un periodismo libre.<\/p><\/div>\n<p>Las repentinas renuncias constantes en &#8216;Globovisi\u00f3n&#8217; comenzaron luego de que el pasado viernes Leopoldo Castillo, uno de los periodistas m\u00e1s respetados dentro y fuera del canal, anunci\u00f3 su renuncia y el fin de su programa &#8216;Al\u00f3 Ciudadano&#8217;, espacio que el describ\u00eda como un espacio de combate contra los abusos del poder\u009d.<\/p>\n<p>&#8216;Globovisi\u00f3n&#8217;, el cual durante a\u00f1os mantuvo una l\u00ednea editorial en contra del chavismo, era el \u00fanico medio electr\u00f3nico que transmit\u00eda en directo los m\u00edtines y conferencias del l\u00edder opositor Henrique Capriles.<\/p>\n","protected":false},"excerpt":{"rendered":"<p>Les presento mi renuncia a partir de hoy porque en &#8216;Globovisi\u00f3n&#8217; no est\u00e1n dadas las circunstancias para hacer un periodismo libre\u009d, dijo Roberto Giusti, conductor del programa de an\u00e1lisis \u0098Grado 33\u0099, quien junto a otros cinco periodistas, decidi\u00f3 abandonar el canal venezolano, el cual fue comprado por un grupo de empresarios del sector burs\u00e1til y de seguros, supuestamente afines al r\u00e9gimen del presidente Nicol\u00e1s Maduro. Las repentinas renuncias constantes en &#8216;Globovisi\u00f3n&#8217; comenzaron luego de que el pasado viernes Leopoldo Castillo, uno de los periodistas m\u00e1s respetados dentro y fuera del canal, anunci\u00f3 su renuncia y el fin de su programa &#8216;Al\u00f3 Ciudadano&#8217;, espacio que el describ\u00eda como un espacio de combate contra los abusos del poder\u009d. &#8216;Globovisi\u00f3n&#8217;, el cual durante a\u00f1os mantuvo una l\u00ednea editorial en contra del chavismo, era el \u00fanico medio electr\u00f3nico que transmit\u00eda en directo los m\u00edtines y conferencias del l\u00edder opositor Henrique Capriles.<\/p>\n","protected":false},"author":1,"featured_media":220450,"comment_status":"open","ping_status":"open","sticky":false,"template":"","format":"standard","meta":[],"categories":[34,37],"tags":[],"_links":{"self":[{"href":"https:\/\/www.ecuadortimes.net\/es\/wp-json\/wp\/v2\/posts\/220449"}],"collection":[{"href":"https:\/\/www.ecuadortimes.net\/es\/wp-json\/wp\/v2\/posts"}],"about":[{"href":"https:\/\/www.ecuadortimes.net\/es\/wp-json\/wp\/v2\/types\/post"}],"author":[{"embeddable":true,"href":"https:\/\/www.ecuadortimes.net\/es\/wp-json\/wp\/v2\/users\/1"}],"replies":[{"embeddable":true,"href":"https:\/\/www.ecuadortimes.net\/es\/wp-json\/wp\/v2\/comments?post=220449"}],"version-history":[{"count":0,"href":"https:\/\/www.ecuadortimes.net\/es\/wp-json\/wp\/v2\/posts\/220449\/revisions"}],"wp:featuredmedia":[{"embeddable":true,"href":"https:\/\/www.ecuadortimes.net\/es\/wp-json\/wp\/v2\/media\/220450"}],"wp:attachment":[{"href":"https:\/\/www.ecuadortimes.net\/es\/wp-json\/wp\/v2\/media?parent=220449"}],"wp:term":[{"taxonomy":"category","embeddable":true,"href":"https:\/\/www.ecuadortimes.net\/es\/wp-json\/wp\/v2\/categories?post=220449"},{"taxonomy":"post_tag","embeddable":true,"href":"https:\/\/www.ecuadortimes.net\/es\/wp-json\/wp\/v2\/tags?post=220449"}],"curies":[{"name":"wp","href":"https:\/\/api.w.org\/{rel}","templated":true}]}}