{"id":220453,"date":"2013-08-21T00:00:00","date_gmt":"2013-08-21T00:00:00","guid":{"rendered":"https:\/\/www.ecuadortimes.net\/es\/emelec-casi-eliminado-de-la-sudamericana\/"},"modified":"2013-08-21T00:00:00","modified_gmt":"2013-08-21T00:00:00","slug":"emelec-casi-eliminado-de-la-sudamericana","status":"publish","type":"post","link":"https:\/\/www.ecuadortimes.net\/es\/emelec-casi-eliminado-de-la-sudamericana\/","title":{"rendered":"Emelec casi eliminado de la Sudamericana"},"content":{"rendered":"<p><strong>Despu\u00e9s de caer sin atenuantes en San Carlos de Apoquindo, en Santiago de Chile, ante el local Universidad Cat\u00f3lica, el equipo Millonario qued\u00f3 con un pie fuera de la Copa Sudamericana, ya que le ser\u00e1 muy dif\u00edcil remontar el 0 a 4 de anoche, la pr\u00f3xima semana en el Capwell.<\/strong><\/p>\n<div id=\"attachment_125028\" style=\"width: 510px\" class=\"wp-caption aligncenter\"><img aria-describedby=\"caption-attachment-125028\" loading=\"lazy\" class=\"size-full wp-image-125028\" title=\"Universidad Cat\u00f3lica de Chile venci\u00f3 a Emelec 4 - 0.\" src=\"http:\/\/media.ecuadortimes.net\/2013\/08\/universidad-catolica-chile-4-0-emelec-ecuador-l1.jpg\" alt=\"Universidad Cat\u00f3lica de Chile venci\u00f3 a Emelec 4 - 0.\" width=\"500\" height=\"299\" \/><p id=\"caption-attachment-125028\" class=\"wp-caption-text\">Universidad Cat\u00f3lica de Chile venci\u00f3 a Emelec 4 &#8211; 0.<\/p><\/div>\n<p>Adem\u00e1s de la alta diferencia de goles, los el\u00e9ctricos sufrieron las expulsiones de sus defensas Lastra y Narvaez\u00a0 y la lesi\u00f3n del delantero Estraqualursi, a la que se suma la lesi\u00f3n de su otro delantero titular, Marlon de Jes\u00fas, desde hace una semana.<\/p>\n<p>Con un triste panorama, Emelec no pierde la esperanza del &#8220;milagro&#8221;, dijeron varios de sus integrantes.<\/p>\n<p><strong>Esta noche, tambi\u00e9n en Santiago, juega el otro representante de Ecuador, Independiente del Valle, ante la Universidad de Chile.<\/strong><\/p>\n","protected":false},"excerpt":{"rendered":"<p>Despu\u00e9s de caer sin atenuantes en San Carlos de Apoquindo, en Santiago de Chile, ante el local Universidad Cat\u00f3lica, el equipo Millonario qued\u00f3 con un pie fuera de la Copa Sudamericana, ya que le ser\u00e1 muy dif\u00edcil remontar el 0 a 4 de anoche, la pr\u00f3xima semana en el Capwell. Adem\u00e1s de la alta diferencia de goles, los el\u00e9ctricos sufrieron las expulsiones de sus defensas Lastra y Narvaez\u00a0 y la lesi\u00f3n del delantero Estraqualursi, a la que se suma la lesi\u00f3n de su otro delantero titular, Marlon de Jes\u00fas, desde hace una semana. Con un triste panorama, Emelec no pierde la esperanza del &#8220;milagro&#8221;, dijeron varios de sus integrantes. Esta noche, tambi\u00e9n en Santiago, juega el otro representante de Ecuador, Independiente del Valle, ante la Universidad de Chile.<\/p>\n","protected":false},"author":1,"featured_media":220454,"comment_status":"open","ping_status":"open","sticky":false,"template":"","format":"standard","meta":[],"categories":[38,37],"tags":[],"_links":{"self":[{"href":"https:\/\/www.ecuadortimes.net\/es\/wp-json\/wp\/v2\/posts\/220453"}],"collection":[{"href":"https:\/\/www.ecuadortimes.net\/es\/wp-json\/wp\/v2\/posts"}],"about":[{"href":"https:\/\/www.ecuadortimes.net\/es\/wp-json\/wp\/v2\/types\/post"}],"author":[{"embeddable":true,"href":"https:\/\/www.ecuadortimes.net\/es\/wp-json\/wp\/v2\/users\/1"}],"replies":[{"embeddable":true,"href":"https:\/\/www.ecuadortimes.net\/es\/wp-json\/wp\/v2\/comments?post=220453"}],"version-history":[{"count":0,"href":"https:\/\/www.ecuadortimes.net\/es\/wp-json\/wp\/v2\/posts\/220453\/revisions"}],"wp:featuredmedia":[{"embeddable":true,"href":"https:\/\/www.ecuadortimes.net\/es\/wp-json\/wp\/v2\/media\/220454"}],"wp:attachment":[{"href":"https:\/\/www.ecuadortimes.net\/es\/wp-json\/wp\/v2\/media?parent=220453"}],"wp:term":[{"taxonomy":"category","embeddable":true,"href":"https:\/\/www.ecuadortimes.net\/es\/wp-json\/wp\/v2\/categories?post=220453"},{"taxonomy":"post_tag","embeddable":true,"href":"https:\/\/www.ecuadortimes.net\/es\/wp-json\/wp\/v2\/tags?post=220453"}],"curies":[{"name":"wp","href":"https:\/\/api.w.org\/{rel}","templated":true}]}}