{"id":220458,"date":"2013-08-21T00:00:00","date_gmt":"2013-08-21T00:00:00","guid":{"rendered":"https:\/\/www.ecuadortimes.net\/es\/droga-incautada-en-puerto-de-guayaquil-tiene-un-valor-de-275-millones\/"},"modified":"2013-08-21T00:00:00","modified_gmt":"2013-08-21T00:00:00","slug":"droga-incautada-en-puerto-de-guayaquil-tiene-un-valor-de-275-millones","status":"publish","type":"post","link":"https:\/\/www.ecuadortimes.net\/es\/droga-incautada-en-puerto-de-guayaquil-tiene-un-valor-de-275-millones\/","title":{"rendered":"Droga incautada en Puerto de Guayaquil tiene un valor de $ 275 millones"},"content":{"rendered":"<div id=\"attachment_125069\" style=\"width: 310px\" class=\"wp-caption alignleft\"><img aria-describedby=\"caption-attachment-125069\" loading=\"lazy\" class=\"size-medium wp-image-125069\" title=\"Polic\u00eda ecuatoriana incauta millones en coca\u00edna\" src=\"http:\/\/media.ecuadortimes.net\/2013\/08\/Millones-en-coca-incautados3-300x225.jpg\" alt=\"Polic\u00eda ecuatoriana incauta millones en coca\u00edna\" width=\"300\" height=\"225\" \/><p id=\"caption-attachment-125069\" class=\"wp-caption-text\">Polic\u00eda ecuatoriana incauta millones en coca\u00edna<\/p><\/div>\n<p><strong>El martes pasado, 20 de agosto, la polic\u00eda de Guayaquil decomis\u00f3 4,4 toneladas de coca\u00edna escondida en una carga de palmito que ser\u00edan enviadas a Espa\u00f1a desde el puerto de Guayaquil.<\/strong><\/p>\n<p>La droga fue descubierto el pasado viernes, se hab\u00eda calculado inicialmente en 3,2 toneladas de coca\u00edna, pero tras una verificaci\u00f3n mas minuciosa se determin\u00f3 que la cantidad exacta era de 4,4 toneladas. <strong>As\u00ed lo inform\u00f3 el ministro del Interior, Jos\u00e9 Serrano, durante una rueda de prensa con altos mandos de la polic\u00eda.<\/strong><\/p>\n<p>Esta incautaci\u00f3n del costoso narc\u00f3tico ha sido el m\u00e1s grande que se ha hecho en lo que va del a\u00f1o, que ya suma 32,6 toneladas incautada en 2013.<\/p>\n<p><strong>En el operativo que incauto la coca\u00edna, valorada en 275 millones de d\u00f3lares, fueron capturados cuatro ecuatorianos, incluidos funcionarios de la empresa exportadora.<\/strong><\/p>\n","protected":false},"excerpt":{"rendered":"<p>El martes pasado, 20 de agosto, la polic\u00eda de Guayaquil decomis\u00f3 4,4 toneladas de coca\u00edna escondida en una carga de palmito que ser\u00edan enviadas a Espa\u00f1a desde el puerto de Guayaquil. La droga fue descubierto el pasado viernes, se hab\u00eda calculado inicialmente en 3,2 toneladas de coca\u00edna, pero tras una verificaci\u00f3n mas minuciosa se determin\u00f3 que la cantidad exacta era de 4,4 toneladas. As\u00ed lo inform\u00f3 el ministro del Interior, Jos\u00e9 Serrano, durante una rueda de prensa con altos mandos de la polic\u00eda. Esta incautaci\u00f3n del costoso narc\u00f3tico ha sido el m\u00e1s grande que se ha hecho en lo que va del a\u00f1o, que ya suma 32,6 toneladas incautada en 2013. En el operativo que incauto la coca\u00edna, valorada en 275 millones de d\u00f3lares, fueron capturados cuatro ecuatorianos, incluidos funcionarios de la empresa exportadora.<\/p>\n","protected":false},"author":1,"featured_media":220459,"comment_status":"open","ping_status":"open","sticky":false,"template":"","format":"standard","meta":[],"categories":[35,37],"tags":[],"_links":{"self":[{"href":"https:\/\/www.ecuadortimes.net\/es\/wp-json\/wp\/v2\/posts\/220458"}],"collection":[{"href":"https:\/\/www.ecuadortimes.net\/es\/wp-json\/wp\/v2\/posts"}],"about":[{"href":"https:\/\/www.ecuadortimes.net\/es\/wp-json\/wp\/v2\/types\/post"}],"author":[{"embeddable":true,"href":"https:\/\/www.ecuadortimes.net\/es\/wp-json\/wp\/v2\/users\/1"}],"replies":[{"embeddable":true,"href":"https:\/\/www.ecuadortimes.net\/es\/wp-json\/wp\/v2\/comments?post=220458"}],"version-history":[{"count":0,"href":"https:\/\/www.ecuadortimes.net\/es\/wp-json\/wp\/v2\/posts\/220458\/revisions"}],"wp:featuredmedia":[{"embeddable":true,"href":"https:\/\/www.ecuadortimes.net\/es\/wp-json\/wp\/v2\/media\/220459"}],"wp:attachment":[{"href":"https:\/\/www.ecuadortimes.net\/es\/wp-json\/wp\/v2\/media?parent=220458"}],"wp:term":[{"taxonomy":"category","embeddable":true,"href":"https:\/\/www.ecuadortimes.net\/es\/wp-json\/wp\/v2\/categories?post=220458"},{"taxonomy":"post_tag","embeddable":true,"href":"https:\/\/www.ecuadortimes.net\/es\/wp-json\/wp\/v2\/tags?post=220458"}],"curies":[{"name":"wp","href":"https:\/\/api.w.org\/{rel}","templated":true}]}}