{"id":220473,"date":"2013-08-22T00:00:00","date_gmt":"2013-08-22T00:00:00","guid":{"rendered":"https:\/\/www.ecuadortimes.net\/es\/abogado-de-manning-pide-perdon-presidencial-ante-condena\/"},"modified":"2013-08-22T00:00:00","modified_gmt":"2013-08-22T00:00:00","slug":"abogado-de-manning-pide-perdon-presidencial-ante-condena","status":"publish","type":"post","link":"https:\/\/www.ecuadortimes.net\/es\/abogado-de-manning-pide-perdon-presidencial-ante-condena\/","title":{"rendered":"Abogado de Manning pide perd\u00f3n presidencial ante condena"},"content":{"rendered":"<div id=\"attachment_125153\" style=\"width: 310px\" class=\"wp-caption alignleft\"><img aria-describedby=\"caption-attachment-125153\" loading=\"lazy\" class=\"size-medium wp-image-125153\" title=\"David Coombs\" src=\"http:\/\/media.ecuadortimes.net\/2013\/08\/David-Coombs3-300x225.jpg\" alt=\"David Coombs\" width=\"300\" height=\"225\" \/><p id=\"caption-attachment-125153\" class=\"wp-caption-text\">David Coombs<\/p><\/div>\n<p><strong>David Coombs, abogado del soldado Bradley Manning, pidi\u00f3 un perd\u00f3n presidencial para su cliente<\/strong> que permita su liberaci\u00f3n <strong><em>lo antes posible<\/em><\/strong>\u009d. Manning fue condenado a 35 a\u00f1os de prisi\u00f3n por filtrar de documentos clasificados a WikiLeaks.<\/p>\n<p><strong>El abogado de Manning pedir\u00e1 al presidente de Estados Unidos, Barack Obama, por medio de los cauces habilitados en las Fuerzas Armadas que excarcele a Manning o lo libere por el tiempo que ya ha cumplido en prisi\u00f3n desde finales de mayo de 2010.<\/strong><\/p>\n<p>Josh Eearnest, portavoz de la Casa Blanca, indic\u00f3 hoy en una rueda de prensa que la petici\u00f3n de perd\u00f3n a Manning se efectuar\u00e1 como cualquier otra petici\u00f3n recibida por Obama.<\/p>\n<p><strong>Por su parte, Julian Assange, el hacker australiano que difundi\u00f3 la informaci\u00f3n filtrada por Manning, dijo que la sentencia al soldado es un triunfo estrat\u00e9gico, ya que aplicando la reducci\u00f3n de pena por buena conducta<\/strong>, el sentenciado podr\u00eda salir en libertad en unos 5 a\u00f1os, si no recibe el indulto del presidente Obama.<\/p>\n","protected":false},"excerpt":{"rendered":"<p>David Coombs, abogado del soldado Bradley Manning, pidi\u00f3 un perd\u00f3n presidencial para su cliente que permita su liberaci\u00f3n lo antes posible\u009d. Manning fue condenado a 35 a\u00f1os de prisi\u00f3n por filtrar de documentos clasificados a WikiLeaks. El abogado de Manning pedir\u00e1 al presidente de Estados Unidos, Barack Obama, por medio de los cauces habilitados en las Fuerzas Armadas que excarcele a Manning o lo libere por el tiempo que ya ha cumplido en prisi\u00f3n desde finales de mayo de 2010. Josh Eearnest, portavoz de la Casa Blanca, indic\u00f3 hoy en una rueda de prensa que la petici\u00f3n de perd\u00f3n a Manning se efectuar\u00e1 como cualquier otra petici\u00f3n recibida por Obama. Por su parte, Julian Assange, el hacker australiano que difundi\u00f3 la informaci\u00f3n filtrada por Manning, dijo que la sentencia al soldado es un triunfo estrat\u00e9gico, ya que aplicando la reducci\u00f3n de pena por buena conducta, el sentenciado podr\u00eda salir en libertad en unos 5 a\u00f1os, si no recibe el indulto del presidente Obama.<\/p>\n","protected":false},"author":1,"featured_media":220474,"comment_status":"open","ping_status":"open","sticky":false,"template":"","format":"standard","meta":[],"categories":[34,37],"tags":[],"_links":{"self":[{"href":"https:\/\/www.ecuadortimes.net\/es\/wp-json\/wp\/v2\/posts\/220473"}],"collection":[{"href":"https:\/\/www.ecuadortimes.net\/es\/wp-json\/wp\/v2\/posts"}],"about":[{"href":"https:\/\/www.ecuadortimes.net\/es\/wp-json\/wp\/v2\/types\/post"}],"author":[{"embeddable":true,"href":"https:\/\/www.ecuadortimes.net\/es\/wp-json\/wp\/v2\/users\/1"}],"replies":[{"embeddable":true,"href":"https:\/\/www.ecuadortimes.net\/es\/wp-json\/wp\/v2\/comments?post=220473"}],"version-history":[{"count":0,"href":"https:\/\/www.ecuadortimes.net\/es\/wp-json\/wp\/v2\/posts\/220473\/revisions"}],"wp:featuredmedia":[{"embeddable":true,"href":"https:\/\/www.ecuadortimes.net\/es\/wp-json\/wp\/v2\/media\/220474"}],"wp:attachment":[{"href":"https:\/\/www.ecuadortimes.net\/es\/wp-json\/wp\/v2\/media?parent=220473"}],"wp:term":[{"taxonomy":"category","embeddable":true,"href":"https:\/\/www.ecuadortimes.net\/es\/wp-json\/wp\/v2\/categories?post=220473"},{"taxonomy":"post_tag","embeddable":true,"href":"https:\/\/www.ecuadortimes.net\/es\/wp-json\/wp\/v2\/tags?post=220473"}],"curies":[{"name":"wp","href":"https:\/\/api.w.org\/{rel}","templated":true}]}}