{"id":220480,"date":"2013-08-22T00:00:00","date_gmt":"2013-08-22T00:00:00","guid":{"rendered":"https:\/\/www.ecuadortimes.net\/es\/colombianos-denuncian-persecucion-y-xenofobia\/"},"modified":"2013-08-22T00:00:00","modified_gmt":"2013-08-22T00:00:00","slug":"colombianos-denuncian-persecucion-y-xenofobia","status":"publish","type":"post","link":"https:\/\/www.ecuadortimes.net\/es\/colombianos-denuncian-persecucion-y-xenofobia\/","title":{"rendered":"Colombianos denuncian persecuci\u00f3n y xenofobia"},"content":{"rendered":"<p><img loading=\"lazy\" class=\" wp-image-125205 alignright\" title=\"Screen Shot 2013-08-22 at 9.15.02\" src=\"http:\/\/media.ecuadortimes.net\/2013\/08\/Screen-Shot-2013-08-22-at-9.15.021.png\" alt=\"\" width=\"319\" height=\"218\" \/><\/p>\n<p>Los migrantes aseguran que son v\u00edctimas por parte de las autoridades ecuatorianas tras la declaraci\u00f3n de lucha contra la usura y la detenci\u00f3n de 35 personas la semana anterior, entre ellos varios colombianos.<\/p>\n<p>Se nos hace complicado caminar por las calles\u009d, dijeron los denunciantes, quienes dicen que por el solo hecho de ser colombianos los retienen, investigan y marginan.<\/p>\n<p>Varios ciudadanos del pa\u00eds del norte llegaron con carteles a las afueras de la c\u00e1rcel de m\u00e1xima seguridad de Guayaquil, pidiendo mejor trato humano y que se deje en libertad a algunos de los detenidos, acusados de usureros por el hecho de andar dos en una moto o trabajar como comerciantes en las calles.<\/p>\n","protected":false},"excerpt":{"rendered":"<p>Los migrantes aseguran que son v\u00edctimas por parte de las autoridades ecuatorianas tras la declaraci\u00f3n de lucha contra la usura y la detenci\u00f3n de 35 personas la semana anterior, entre ellos varios colombianos. Se nos hace complicado caminar por las calles\u009d, dijeron los denunciantes, quienes dicen que por el solo hecho de ser colombianos los retienen, investigan y marginan. Varios ciudadanos del pa\u00eds del norte llegaron con carteles a las afueras de la c\u00e1rcel de m\u00e1xima seguridad de Guayaquil, pidiendo mejor trato humano y que se deje en libertad a algunos de los detenidos, acusados de usureros por el hecho de andar dos en una moto o trabajar como comerciantes en las calles.<\/p>\n","protected":false},"author":1,"featured_media":0,"comment_status":"open","ping_status":"open","sticky":false,"template":"","format":"standard","meta":[],"categories":[36,35,37],"tags":[],"_links":{"self":[{"href":"https:\/\/www.ecuadortimes.net\/es\/wp-json\/wp\/v2\/posts\/220480"}],"collection":[{"href":"https:\/\/www.ecuadortimes.net\/es\/wp-json\/wp\/v2\/posts"}],"about":[{"href":"https:\/\/www.ecuadortimes.net\/es\/wp-json\/wp\/v2\/types\/post"}],"author":[{"embeddable":true,"href":"https:\/\/www.ecuadortimes.net\/es\/wp-json\/wp\/v2\/users\/1"}],"replies":[{"embeddable":true,"href":"https:\/\/www.ecuadortimes.net\/es\/wp-json\/wp\/v2\/comments?post=220480"}],"version-history":[{"count":0,"href":"https:\/\/www.ecuadortimes.net\/es\/wp-json\/wp\/v2\/posts\/220480\/revisions"}],"wp:attachment":[{"href":"https:\/\/www.ecuadortimes.net\/es\/wp-json\/wp\/v2\/media?parent=220480"}],"wp:term":[{"taxonomy":"category","embeddable":true,"href":"https:\/\/www.ecuadortimes.net\/es\/wp-json\/wp\/v2\/categories?post=220480"},{"taxonomy":"post_tag","embeddable":true,"href":"https:\/\/www.ecuadortimes.net\/es\/wp-json\/wp\/v2\/tags?post=220480"}],"curies":[{"name":"wp","href":"https:\/\/api.w.org\/{rel}","templated":true}]}}