{"id":220490,"date":"2013-08-23T00:00:00","date_gmt":"2013-08-23T00:00:00","guid":{"rendered":"https:\/\/www.ecuadortimes.net\/es\/pueblos-no-contactados-no-estarian-habitando-el-yasuni\/"},"modified":"2013-08-23T00:00:00","modified_gmt":"2013-08-23T00:00:00","slug":"pueblos-no-contactados-no-estarian-habitando-el-yasuni","status":"publish","type":"post","link":"https:\/\/www.ecuadortimes.net\/es\/pueblos-no-contactados-no-estarian-habitando-el-yasuni\/","title":{"rendered":"Pueblos no contactados no estar\u00edan habitando el Yasun\u00ed"},"content":{"rendered":"<p><a href=\"http:\/\/www.ecuadortimes.net\/es\/2013\/08\/23\/pueblos-no-contactados-no-estarian-habitando-el-yasuni\/untitled-21\/\" rel=\"attachment wp-att-125264\"><img loading=\"lazy\" class=\"alignleft size-full wp-image-125264\" title=\"Untitled-21\" src=\"http:\/\/media.ecuadortimes.net\/2013\/08\/Untitled-21.jpg\" alt=\"\" width=\"340\" height=\"256\" \/><\/a><strong>El ministro de Justicia, Lenin Lara, inform\u00f3 ayer que el primer informe del Ejecutivo sobre la viabilidad para explotar el Yasun\u00ed ITT est\u00e1 listo, y demuestra que en el Yasun\u00ed no hay la presencia de pueblos no contactados.<\/strong><\/p>\n<p>Tenemos el informe t\u00e9cnico concluyente de que no habr\u00eda la presencia de pueblos no contactados en la zona, ni siquiera en una zona de tr\u00e1nsito. No hay opciones de que haya un tipo de afectaci\u00f3n\u009d, se\u00f1al\u00f3 el funcionario.<\/p>\n<p>Por su parte, Lorena Tapia, ministra del Ambiente, dijo en una entrevista a la agencia oficial Andes que la informaci\u00f3n ambiental ser\u00eda enviada durante las pr\u00f3ximas horas a Carondelet y reconoci\u00f3 que el \u00e1rea de explotaci\u00f3n est\u00e1 calificada como de alto riesgo y de alto impacto por la autoridad ambiental\u009d.<\/p>\n<p>Estamos conscientes y no vamos a mentir de que se trata de un \u00e1rea protegida con alto nivel de sensibilidad, un alto nivel de biodiversidad, por tanto, los impactos que se pudieran generar deben ser controlados de una forma eficiente y efectiva\u009d, indic\u00f3 Tapia.<\/p>\n<p><strong>El Parque Nacional Yasun\u00ed es considerado una de las reservas naturales m\u00e1s importantes del mundo y se presume que alberga a dos pueblos en aislamiento voluntario: el Tagaeri y el Taromenane.<\/strong><\/p>\n","protected":false},"excerpt":{"rendered":"<p>El ministro de Justicia, Lenin Lara, inform\u00f3 ayer que el primer informe del Ejecutivo sobre la viabilidad para explotar el Yasun\u00ed ITT est\u00e1 listo, y demuestra que en el Yasun\u00ed no hay la presencia de pueblos no contactados. Tenemos el informe t\u00e9cnico concluyente de que no habr\u00eda la presencia de pueblos no contactados en la zona, ni siquiera en una zona de tr\u00e1nsito. No hay opciones de que haya un tipo de afectaci\u00f3n\u009d, se\u00f1al\u00f3 el funcionario. Por su parte, Lorena Tapia, ministra del Ambiente, dijo en una entrevista a la agencia oficial Andes que la informaci\u00f3n ambiental ser\u00eda enviada durante las pr\u00f3ximas horas a Carondelet y reconoci\u00f3 que el \u00e1rea de explotaci\u00f3n est\u00e1 calificada como de alto riesgo y de alto impacto por la autoridad ambiental\u009d. Estamos conscientes y no vamos a mentir de que se trata de un \u00e1rea protegida con alto nivel de sensibilidad, un alto nivel de biodiversidad, por tanto, los impactos que se pudieran generar deben ser controlados de una forma eficiente y efectiva\u009d, indic\u00f3 Tapia. El Parque Nacional Yasun\u00ed es considerado una de las reservas naturales m\u00e1s importantes del mundo y se presume que alberga a dos pueblos en aislamiento voluntario: el Tagaeri y el Taromenane.<\/p>\n","protected":false},"author":1,"featured_media":220491,"comment_status":"open","ping_status":"open","sticky":false,"template":"","format":"standard","meta":[],"categories":[32,41,37],"tags":[],"_links":{"self":[{"href":"https:\/\/www.ecuadortimes.net\/es\/wp-json\/wp\/v2\/posts\/220490"}],"collection":[{"href":"https:\/\/www.ecuadortimes.net\/es\/wp-json\/wp\/v2\/posts"}],"about":[{"href":"https:\/\/www.ecuadortimes.net\/es\/wp-json\/wp\/v2\/types\/post"}],"author":[{"embeddable":true,"href":"https:\/\/www.ecuadortimes.net\/es\/wp-json\/wp\/v2\/users\/1"}],"replies":[{"embeddable":true,"href":"https:\/\/www.ecuadortimes.net\/es\/wp-json\/wp\/v2\/comments?post=220490"}],"version-history":[{"count":0,"href":"https:\/\/www.ecuadortimes.net\/es\/wp-json\/wp\/v2\/posts\/220490\/revisions"}],"wp:featuredmedia":[{"embeddable":true,"href":"https:\/\/www.ecuadortimes.net\/es\/wp-json\/wp\/v2\/media\/220491"}],"wp:attachment":[{"href":"https:\/\/www.ecuadortimes.net\/es\/wp-json\/wp\/v2\/media?parent=220490"}],"wp:term":[{"taxonomy":"category","embeddable":true,"href":"https:\/\/www.ecuadortimes.net\/es\/wp-json\/wp\/v2\/categories?post=220490"},{"taxonomy":"post_tag","embeddable":true,"href":"https:\/\/www.ecuadortimes.net\/es\/wp-json\/wp\/v2\/tags?post=220490"}],"curies":[{"name":"wp","href":"https:\/\/api.w.org\/{rel}","templated":true}]}}