{"id":220492,"date":"2013-08-23T00:00:00","date_gmt":"2013-08-23T00:00:00","guid":{"rendered":"https:\/\/www.ecuadortimes.net\/es\/municipio-de-quito-pide-ampliacion-de-aeropuerto-en-tababela\/"},"modified":"2013-08-23T00:00:00","modified_gmt":"2013-08-23T00:00:00","slug":"municipio-de-quito-pide-ampliacion-de-aeropuerto-en-tababela","status":"publish","type":"post","link":"https:\/\/www.ecuadortimes.net\/es\/municipio-de-quito-pide-ampliacion-de-aeropuerto-en-tababela\/","title":{"rendered":"Municipio de Quito pide ampliaci\u00f3n de aeropuerto en Tababela"},"content":{"rendered":"<p><a href=\"http:\/\/www.ecuadortimes.net\/es\/2013\/08\/23\/municipio-de-quito-pide-ampliacion-de-aeropuerto-en-tababela\/tababela-6\/\" rel=\"attachment wp-att-125270\"><img loading=\"lazy\" class=\"size-full wp-image-125270 alignright\" title=\"Tababela\" src=\"http:\/\/media.ecuadortimes.net\/2013\/08\/Tababela.jpg\" alt=\"\" width=\"340\" height=\"256\" \/><\/a><strong>El alcalde de Quito, Augusto Barrera, inform\u00f3 que el Municipio hizo un pedido a la concesionaria aeroportuaria de la capital, Quiport, para que empiece la segunda fase de la edificaci\u00f3n en el aeropuerto de Tababela, que ayer cumpli\u00f3 seis meses de actividad.<\/strong><\/p>\n<p>El contrato es clar\u00edsimo: si no tenemos mejora en la calidad de la operaci\u00f3n, no se cumplen las condiciones operativas del contrato. Ellos (Quiport) saben que tienen horas de plazo para contestar nuestra exigencia\u009d, se\u00f1al\u00f3 Barrera.<\/p>\n<p>La terminal a\u00e9rea fue proyectada en cuatro etapas que se prev\u00e9 estar\u00e1n concluidas hasta el 2020. La segunda fase, prevista para el 2017, incluye la ampliaci\u00f3n con m\u00e1s salas, as\u00ed se duplicar\u00eda la capacidad de ese espacio, ya que ante el n\u00famero de usuarios son necesarias m\u00e1s condiciones de comodidad.<\/p>\n<p>El burgomaestre agreg\u00f3 que se ha multado con m\u00e1s de 700 000 a Quiport por problemas operativos, y que para los pr\u00f3ximos meses la compa\u00f1\u00eda Iberia ha pedido permiso para volar la ruta Madrid-Quito.<\/p>\n","protected":false},"excerpt":{"rendered":"<p>El alcalde de Quito, Augusto Barrera, inform\u00f3 que el Municipio hizo un pedido a la concesionaria aeroportuaria de la capital, Quiport, para que empiece la segunda fase de la edificaci\u00f3n en el aeropuerto de Tababela, que ayer cumpli\u00f3 seis meses de actividad. El contrato es clar\u00edsimo: si no tenemos mejora en la calidad de la operaci\u00f3n, no se cumplen las condiciones operativas del contrato. Ellos (Quiport) saben que tienen horas de plazo para contestar nuestra exigencia\u009d, se\u00f1al\u00f3 Barrera. La terminal a\u00e9rea fue proyectada en cuatro etapas que se prev\u00e9 estar\u00e1n concluidas hasta el 2020. La segunda fase, prevista para el 2017, incluye la ampliaci\u00f3n con m\u00e1s salas, as\u00ed se duplicar\u00eda la capacidad de ese espacio, ya que ante el n\u00famero de usuarios son necesarias m\u00e1s condiciones de comodidad. El burgomaestre agreg\u00f3 que se ha multado con m\u00e1s de 700 000 a Quiport por problemas operativos, y que para los pr\u00f3ximos meses la compa\u00f1\u00eda Iberia ha pedido permiso para volar la ruta Madrid-Quito.<\/p>\n","protected":false},"author":1,"featured_media":220493,"comment_status":"open","ping_status":"open","sticky":false,"template":"","format":"standard","meta":[],"categories":[32,41,37],"tags":[],"_links":{"self":[{"href":"https:\/\/www.ecuadortimes.net\/es\/wp-json\/wp\/v2\/posts\/220492"}],"collection":[{"href":"https:\/\/www.ecuadortimes.net\/es\/wp-json\/wp\/v2\/posts"}],"about":[{"href":"https:\/\/www.ecuadortimes.net\/es\/wp-json\/wp\/v2\/types\/post"}],"author":[{"embeddable":true,"href":"https:\/\/www.ecuadortimes.net\/es\/wp-json\/wp\/v2\/users\/1"}],"replies":[{"embeddable":true,"href":"https:\/\/www.ecuadortimes.net\/es\/wp-json\/wp\/v2\/comments?post=220492"}],"version-history":[{"count":0,"href":"https:\/\/www.ecuadortimes.net\/es\/wp-json\/wp\/v2\/posts\/220492\/revisions"}],"wp:featuredmedia":[{"embeddable":true,"href":"https:\/\/www.ecuadortimes.net\/es\/wp-json\/wp\/v2\/media\/220493"}],"wp:attachment":[{"href":"https:\/\/www.ecuadortimes.net\/es\/wp-json\/wp\/v2\/media?parent=220492"}],"wp:term":[{"taxonomy":"category","embeddable":true,"href":"https:\/\/www.ecuadortimes.net\/es\/wp-json\/wp\/v2\/categories?post=220492"},{"taxonomy":"post_tag","embeddable":true,"href":"https:\/\/www.ecuadortimes.net\/es\/wp-json\/wp\/v2\/tags?post=220492"}],"curies":[{"name":"wp","href":"https:\/\/api.w.org\/{rel}","templated":true}]}}