{"id":220494,"date":"2013-08-23T00:00:00","date_gmt":"2013-08-23T00:00:00","guid":{"rendered":"https:\/\/www.ecuadortimes.net\/es\/igualdad-racial-no-se-ha-logrado-segun-estadounidenses\/"},"modified":"2013-08-23T00:00:00","modified_gmt":"2013-08-23T00:00:00","slug":"igualdad-racial-no-se-ha-logrado-segun-estadounidenses","status":"publish","type":"post","link":"https:\/\/www.ecuadortimes.net\/es\/igualdad-racial-no-se-ha-logrado-segun-estadounidenses\/","title":{"rendered":"Igualdad racial no se ha logrado, seg\u00fan estadounidenses"},"content":{"rendered":"<p><a href=\"http:\/\/www.ecuadortimes.net\/es\/2013\/08\/23\/igualdad-racial-no-se-ha-logrado-segun-estadounidenses\/igualdad\/\" rel=\"attachment wp-att-125275\"><img loading=\"lazy\" class=\"alignleft size-full wp-image-125275\" title=\"igualdad\" src=\"http:\/\/media.ecuadortimes.net\/2013\/08\/igualdad.jpg\" alt=\"\" width=\"340\" height=\"256\" \/><\/a><strong>Los resultados de la encuesta sobre racismo en Estados Unidos, que fue divulgada ayer por el Centro de Investigaciones Pew, da cuenta de un panorama mixto del progreso logrado en cinco d\u00e9cadas despu\u00e9s de que Martin Luther King dio su hist\u00f3rico discurso &#8220;Tengo un sue\u00f1o&#8230;&#8221; exhortando a la igualdad racial.<\/strong><\/p>\n<p>Pese a que un gran n\u00famero de negros y blancos dicen que las dos razas por lo general se llevan &#8220;bastante bien&#8221;, cuando se trata de ingresos familiares y patrimonios los blancos a\u00fan suman m\u00e1s que los negros, y ocho de cada 10 afroestadounidenses dicen que queda mucho por hacer para lograr igualdad racial.<\/p>\n<p>Los negros fueron m\u00e1s propensos a la discriminaci\u00f3n que otros grupos raciales, y se\u00f1alaron que han sido tratados con menor justicia que los blancos en su relaci\u00f3n con la polic\u00eda, en los tribunales, en las escuelas p\u00fablicas locales o en el centro laboral.<\/p>\n<p>De los encuestados, solo uno de cada cuatro afroestadounidenses indica que la situaci\u00f3n de la gente negra ha mejorado en los \u00faltimos cinco a\u00f1os, en comparaci\u00f3n con 39% en el 2009. Entre los blancos, declin\u00f3 de 49% al 35%.<\/p>\n<p><strong>Al parecer en el pa\u00eds a\u00fan no se ha logrado el sue\u00f1o de Martin Luther King de una sociedad sin prejuicios raciales, ya que seg\u00fan datos arrojados por la encuesta menos de la mitad de los estadounidenses cree que el pa\u00eds ha logrado un progreso substancial en los \u00faltimos 50 a\u00f1os hacia una igualdad racial.<\/strong><\/p>\n","protected":false},"excerpt":{"rendered":"<p>Los resultados de la encuesta sobre racismo en Estados Unidos, que fue divulgada ayer por el Centro de Investigaciones Pew, da cuenta de un panorama mixto del progreso logrado en cinco d\u00e9cadas despu\u00e9s de que Martin Luther King dio su hist\u00f3rico discurso &#8220;Tengo un sue\u00f1o&#8230;&#8221; exhortando a la igualdad racial. Pese a que un gran n\u00famero de negros y blancos dicen que las dos razas por lo general se llevan &#8220;bastante bien&#8221;, cuando se trata de ingresos familiares y patrimonios los blancos a\u00fan suman m\u00e1s que los negros, y ocho de cada 10 afroestadounidenses dicen que queda mucho por hacer para lograr igualdad racial. Los negros fueron m\u00e1s propensos a la discriminaci\u00f3n que otros grupos raciales, y se\u00f1alaron que han sido tratados con menor justicia que los blancos en su relaci\u00f3n con la polic\u00eda, en los tribunales, en las escuelas p\u00fablicas locales o en el centro laboral. De los encuestados, solo uno de cada cuatro afroestadounidenses indica que la situaci\u00f3n de la gente negra ha mejorado en los \u00faltimos cinco a\u00f1os, en comparaci\u00f3n con 39% en el 2009. Entre los blancos, declin\u00f3 de 49% al 35%. Al parecer en el pa\u00eds a\u00fan no se ha logrado el sue\u00f1o de Martin Luther King de una sociedad sin prejuicios raciales, ya que seg\u00fan datos arrojados por la encuesta menos de la mitad de los estadounidenses cree que el pa\u00eds ha logrado un progreso substancial en los \u00faltimos 50 a\u00f1os hacia una igualdad racial.<\/p>\n","protected":false},"author":1,"featured_media":220495,"comment_status":"open","ping_status":"open","sticky":false,"template":"","format":"standard","meta":[],"categories":[36,37],"tags":[],"_links":{"self":[{"href":"https:\/\/www.ecuadortimes.net\/es\/wp-json\/wp\/v2\/posts\/220494"}],"collection":[{"href":"https:\/\/www.ecuadortimes.net\/es\/wp-json\/wp\/v2\/posts"}],"about":[{"href":"https:\/\/www.ecuadortimes.net\/es\/wp-json\/wp\/v2\/types\/post"}],"author":[{"embeddable":true,"href":"https:\/\/www.ecuadortimes.net\/es\/wp-json\/wp\/v2\/users\/1"}],"replies":[{"embeddable":true,"href":"https:\/\/www.ecuadortimes.net\/es\/wp-json\/wp\/v2\/comments?post=220494"}],"version-history":[{"count":0,"href":"https:\/\/www.ecuadortimes.net\/es\/wp-json\/wp\/v2\/posts\/220494\/revisions"}],"wp:featuredmedia":[{"embeddable":true,"href":"https:\/\/www.ecuadortimes.net\/es\/wp-json\/wp\/v2\/media\/220495"}],"wp:attachment":[{"href":"https:\/\/www.ecuadortimes.net\/es\/wp-json\/wp\/v2\/media?parent=220494"}],"wp:term":[{"taxonomy":"category","embeddable":true,"href":"https:\/\/www.ecuadortimes.net\/es\/wp-json\/wp\/v2\/categories?post=220494"},{"taxonomy":"post_tag","embeddable":true,"href":"https:\/\/www.ecuadortimes.net\/es\/wp-json\/wp\/v2\/tags?post=220494"}],"curies":[{"name":"wp","href":"https:\/\/api.w.org\/{rel}","templated":true}]}}