{"id":220498,"date":"2013-08-23T00:00:00","date_gmt":"2013-08-23T00:00:00","guid":{"rendered":"https:\/\/www.ecuadortimes.net\/es\/nietos-de-mandela-crean-y-administran-red-social-con-el-nombre-de-su-abuelo\/"},"modified":"2013-08-23T00:00:00","modified_gmt":"2013-08-23T00:00:00","slug":"nietos-de-mandela-crean-y-administran-red-social-con-el-nombre-de-su-abuelo","status":"publish","type":"post","link":"https:\/\/www.ecuadortimes.net\/es\/nietos-de-mandela-crean-y-administran-red-social-con-el-nombre-de-su-abuelo\/","title":{"rendered":"Nietos de Mandela crean y administran red social con el nombre de su abuelo"},"content":{"rendered":"<p style=\"text-align: left;\"><img loading=\"lazy\" class=\"wp-image-125293 alignright\" title=\"Screen Shot 2013-08-23 at 12.08.25\" src=\"http:\/\/media.ecuadortimes.net\/2013\/08\/Screen-Shot-2013-08-23-at-12.08.251.png\" alt=\"\" width=\"331\" height=\"197\" \/>Con el objetivo es extender al mundo entero la historia del expresidente sudafricano, Nelson Mandela, y su lucha en contra del apartheid, dos de los nietos del l\u00edder mundial crearon una red social virtual\u00a0 y con el nombre de su abuelo. Esperan inclusive sacar beneficios del sitio internet, una parte de los cuales podr\u00edan financiar Africa Rising.<\/p>\n<p style=\"text-align: left;\">&#8220;Es una red social que se nutre de la inspiraci\u00f3n que suscita mi abuelo a nivel mundial&#8221;, explica Ndaba Mandela, de 30 a\u00f1os, nieto de Mandela que encabeza esta iniciativa familiar junto a su primo Kweku, de 28 a\u00f1os.<\/p>\n<p style=\"text-align: left;\">Los seguidores de Madiba podr\u00e1n conectarse a la plataforma &#8220;<a href=\"mandela.is\" target=\"_blank\" rel=\"noopener noreferrer\"><em><strong>mandela.is<\/strong><\/em><\/a>&#8220;, y dejar mensajes, fotos o compartir pensamientos. La idea es que la gente relate lo que Mandela les ha incitado a hacer, y de qu\u00e9 manera los estimul\u00f3 a prestar servicio a su comunidad\u009d.<\/p>\n<p>La web, la cual cuenta ya con varios miles de miembros, algunos bastante activos, ya ha recibido mensajes de apoyo, felicitaciones, religiosos, historias reales sobre cambios de vida.<\/p>\n<p>&#8220;No se trata de hacer dinero, sino de hacerle comprender a la gente quien es Nelson Mandela, y estimularlos a que act\u00faen por el bien de su comunidad&#8221;, recalc\u00f3 Ndaba, quien es tambi\u00e9n presidente de Africa Rising, un organismo sin \u00e1nimo de lucro que quiere apoyar la innovaci\u00f3n y el desarrollo en \u00c3\u0081frica.<\/p>\n","protected":false},"excerpt":{"rendered":"<p>Con el objetivo es extender al mundo entero la historia del expresidente sudafricano, Nelson Mandela, y su lucha en contra del apartheid, dos de los nietos del l\u00edder mundial crearon una red social virtual\u00a0 y con el nombre de su abuelo. Esperan inclusive sacar beneficios del sitio internet, una parte de los cuales podr\u00edan financiar Africa Rising. &#8220;Es una red social que se nutre de la inspiraci\u00f3n que suscita mi abuelo a nivel mundial&#8221;, explica Ndaba Mandela, de 30 a\u00f1os, nieto de Mandela que encabeza esta iniciativa familiar junto a su primo Kweku, de 28 a\u00f1os. Los seguidores de Madiba podr\u00e1n conectarse a la plataforma &#8220;mandela.is&#8220;, y dejar mensajes, fotos o compartir pensamientos. La idea es que la gente relate lo que Mandela les ha incitado a hacer, y de qu\u00e9 manera los estimul\u00f3 a prestar servicio a su comunidad\u009d. La web, la cual cuenta ya con varios miles de miembros, algunos bastante activos, ya ha recibido mensajes de apoyo, felicitaciones, religiosos, historias reales sobre cambios de vida. &#8220;No se trata de hacer dinero, sino de hacerle comprender a la gente quien es Nelson Mandela, y estimularlos a que act\u00faen por el bien de su comunidad&#8221;, recalc\u00f3 Ndaba, quien es tambi\u00e9n presidente de Africa Rising, un organismo sin \u00e1nimo de lucro que quiere apoyar la innovaci\u00f3n y el desarrollo en \u00c3\u0081frica.<\/p>\n","protected":false},"author":1,"featured_media":0,"comment_status":"open","ping_status":"open","sticky":false,"template":"","format":"standard","meta":[],"categories":[36,37],"tags":[],"_links":{"self":[{"href":"https:\/\/www.ecuadortimes.net\/es\/wp-json\/wp\/v2\/posts\/220498"}],"collection":[{"href":"https:\/\/www.ecuadortimes.net\/es\/wp-json\/wp\/v2\/posts"}],"about":[{"href":"https:\/\/www.ecuadortimes.net\/es\/wp-json\/wp\/v2\/types\/post"}],"author":[{"embeddable":true,"href":"https:\/\/www.ecuadortimes.net\/es\/wp-json\/wp\/v2\/users\/1"}],"replies":[{"embeddable":true,"href":"https:\/\/www.ecuadortimes.net\/es\/wp-json\/wp\/v2\/comments?post=220498"}],"version-history":[{"count":0,"href":"https:\/\/www.ecuadortimes.net\/es\/wp-json\/wp\/v2\/posts\/220498\/revisions"}],"wp:attachment":[{"href":"https:\/\/www.ecuadortimes.net\/es\/wp-json\/wp\/v2\/media?parent=220498"}],"wp:term":[{"taxonomy":"category","embeddable":true,"href":"https:\/\/www.ecuadortimes.net\/es\/wp-json\/wp\/v2\/categories?post=220498"},{"taxonomy":"post_tag","embeddable":true,"href":"https:\/\/www.ecuadortimes.net\/es\/wp-json\/wp\/v2\/tags?post=220498"}],"curies":[{"name":"wp","href":"https:\/\/api.w.org\/{rel}","templated":true}]}}