{"id":220499,"date":"2013-08-23T00:00:00","date_gmt":"2013-08-23T00:00:00","guid":{"rendered":"https:\/\/www.ecuadortimes.net\/es\/100-dias-y-la-asamblea-nacional-no-cumple-su-agenda\/"},"modified":"2013-08-23T00:00:00","modified_gmt":"2013-08-23T00:00:00","slug":"100-dias-y-la-asamblea-nacional-no-cumple-su-agenda","status":"publish","type":"post","link":"https:\/\/www.ecuadortimes.net\/es\/100-dias-y-la-asamblea-nacional-no-cumple-su-agenda\/","title":{"rendered":"100 d\u00edas y la Asamblea Nacional no cumple su agenda"},"content":{"rendered":"<div id=\"attachment_125302\" style=\"width: 310px\" class=\"wp-caption alignright\"><img aria-describedby=\"caption-attachment-125302\" loading=\"lazy\" class=\"size-medium wp-image-125302\" title=\"Mauro Andino\" src=\"http:\/\/media.ecuadortimes.net\/2013\/08\/Mauro-Andino3-300x225.jpg\" alt=\"Mauro Andino\" width=\"300\" height=\"225\" \/><p id=\"caption-attachment-125302\" class=\"wp-caption-text\">Mauro Andino<\/p><\/div>\n<p>El periodo legislativo que comenz\u00f3 el pasado 14 de mayo bajo la direcci\u00f3n de la presidenta de la Asamblea, Gabriela Rivadeneira, cumpli\u00f3 100 d\u00edas. Sin embargo no ha concretado con la promesa del oficialismo de entregar leyes como el C\u00f3digo Org\u00e1nico Integral Penal y la Ley de Recursos H\u00eddricos o Aguas.<\/p>\n<p><strong>La \u00fanica norma declarada como prioritaria fue la controversial Ley de Comunicaci\u00f3n, la que fue aprobada por Rivadeneira el pasado 14 de junio.<\/strong><\/p>\n<p>No obstante el nuevo C\u00f3digo Penal est\u00e1 demorado. Mauro Andino (AP), presidente de la Comisi\u00f3n de Justicia, mantuvo que hasta agosto esperan tener listo el informe para el segundo debate, que se realizar\u00e1 en septiembre.<\/p>\n<p>Mientras tanto la Comisi\u00f3n de Soberan\u00eda busca incluir en dicho proceso de consulta prelegislativa para la Ley de Aguas, espera poder concretar las fechas de las asambleas provinciales; ese ser\u00eda el segundo antes de las mesas nacionales, para finalmente retomar la tarea legislativa de redactar un articulado y un informe.<\/p>\n<p>La segunda vicepresidente de la Asamblea, Marcela Agui\u00f1aga (AP), indico, a ra\u00edz de los temas complejos que iban a tratar, <strong><em>lo que hemos dado prioridad, en todo caso, han sido mandatos populares<\/em><\/strong>\u009d.<\/p>\n","protected":false},"excerpt":{"rendered":"<p>El periodo legislativo que comenz\u00f3 el pasado 14 de mayo bajo la direcci\u00f3n de la presidenta de la Asamblea, Gabriela Rivadeneira, cumpli\u00f3 100 d\u00edas. Sin embargo no ha concretado con la promesa del oficialismo de entregar leyes como el C\u00f3digo Org\u00e1nico Integral Penal y la Ley de Recursos H\u00eddricos o Aguas. La \u00fanica norma declarada como prioritaria fue la controversial Ley de Comunicaci\u00f3n, la que fue aprobada por Rivadeneira el pasado 14 de junio. No obstante el nuevo C\u00f3digo Penal est\u00e1 demorado. Mauro Andino (AP), presidente de la Comisi\u00f3n de Justicia, mantuvo que hasta agosto esperan tener listo el informe para el segundo debate, que se realizar\u00e1 en septiembre. Mientras tanto la Comisi\u00f3n de Soberan\u00eda busca incluir en dicho proceso de consulta prelegislativa para la Ley de Aguas, espera poder concretar las fechas de las asambleas provinciales; ese ser\u00eda el segundo antes de las mesas nacionales, para finalmente retomar la tarea legislativa de redactar un articulado y un informe. La segunda vicepresidente de la Asamblea, Marcela Agui\u00f1aga (AP), indico, a ra\u00edz de los temas complejos que iban a tratar, lo que hemos dado prioridad, en todo caso, han sido mandatos populares\u009d.<\/p>\n","protected":false},"author":1,"featured_media":220500,"comment_status":"open","ping_status":"open","sticky":false,"template":"","format":"standard","meta":[],"categories":[40,37],"tags":[],"_links":{"self":[{"href":"https:\/\/www.ecuadortimes.net\/es\/wp-json\/wp\/v2\/posts\/220499"}],"collection":[{"href":"https:\/\/www.ecuadortimes.net\/es\/wp-json\/wp\/v2\/posts"}],"about":[{"href":"https:\/\/www.ecuadortimes.net\/es\/wp-json\/wp\/v2\/types\/post"}],"author":[{"embeddable":true,"href":"https:\/\/www.ecuadortimes.net\/es\/wp-json\/wp\/v2\/users\/1"}],"replies":[{"embeddable":true,"href":"https:\/\/www.ecuadortimes.net\/es\/wp-json\/wp\/v2\/comments?post=220499"}],"version-history":[{"count":0,"href":"https:\/\/www.ecuadortimes.net\/es\/wp-json\/wp\/v2\/posts\/220499\/revisions"}],"wp:featuredmedia":[{"embeddable":true,"href":"https:\/\/www.ecuadortimes.net\/es\/wp-json\/wp\/v2\/media\/220500"}],"wp:attachment":[{"href":"https:\/\/www.ecuadortimes.net\/es\/wp-json\/wp\/v2\/media?parent=220499"}],"wp:term":[{"taxonomy":"category","embeddable":true,"href":"https:\/\/www.ecuadortimes.net\/es\/wp-json\/wp\/v2\/categories?post=220499"},{"taxonomy":"post_tag","embeddable":true,"href":"https:\/\/www.ecuadortimes.net\/es\/wp-json\/wp\/v2\/tags?post=220499"}],"curies":[{"name":"wp","href":"https:\/\/api.w.org\/{rel}","templated":true}]}}