{"id":220501,"date":"2013-08-23T00:00:00","date_gmt":"2013-08-23T00:00:00","guid":{"rendered":"https:\/\/www.ecuadortimes.net\/es\/director-de-diario-pagina-siete-de-bolivia-renuncia\/"},"modified":"2013-08-23T00:00:00","modified_gmt":"2013-08-23T00:00:00","slug":"director-de-diario-pagina-siete-de-bolivia-renuncia","status":"publish","type":"post","link":"https:\/\/www.ecuadortimes.net\/es\/director-de-diario-pagina-siete-de-bolivia-renuncia\/","title":{"rendered":"Director de diario P\u00e1gina Siete de Bolivia renuncia"},"content":{"rendered":"<div id=\"attachment_125323\" style=\"width: 310px\" class=\"wp-caption alignleft\"><img aria-describedby=\"caption-attachment-125323\" loading=\"lazy\" class=\"size-medium wp-image-125323\" title=\"Ra\u00fal Pe\u00f1aranda Undurraga\" src=\"http:\/\/media.ecuadortimes.net\/2013\/08\/Raul-Pe\u00f1aranda-Undurraga2-300x225.jpg\" alt=\"Ra\u00fal Pe\u00f1aranda Undurraga\" width=\"300\" height=\"225\" \/><p id=\"caption-attachment-125323\" class=\"wp-caption-text\">Ra\u00fal Pe\u00f1aranda Undurraga<\/p><\/div>\n<p><strong>Tras las acusaciones del r\u00e9gimen de Evo Morales, Bolivia, de responder a intereses chilenos y de manipular la opini\u00f3n p\u00fablica.\u00a0 El periodista Ra\u00fal Pe\u00f1arana Undurraga renunci\u00f3 el jueves pasado, 22 de agosto<\/strong>, a la direcci\u00f3n del diario \u0098P\u00e1gina Siete\u0099, el cual administr\u00f3 desde su fundaci\u00f3n en el 2010.<\/p>\n<p>Undurraga manifest\u00f3 que <em><strong>para evitar que el Gobierno siga atac\u00e1ndonos es que he decidido renunciar<\/strong><\/em>\u009d.<\/p>\n<p>El diario \u0098P\u00e1gina Siete\u0099 pertenece a la familia Garafulic, el cual fue se\u00f1alado por el ministro de la Presidencia, <strong>Juan Ram\u00f3n Quintana<\/strong>, como <em><strong>funcional a los intereses chilenos, de la ultra derecha chilena, de empresarios ultraconservadores chilenos<\/strong><\/em>\u009d.<\/p>\n<p>El ministro recalc\u00f3 que un miembro de la familia Garafulic, casado con una congresista chilena de derecha habr\u00eda pedido, presuntamente, al medio que definiera si realizar\u00eda <em><strong>periodismo honesto<\/strong><\/em>\u009d o ser\u00eda parte de un partido pol\u00edtico de oposici\u00f3n.<\/p>\n<p>Quintana enumer\u00f3 presuntas <em><strong>siete mentiras<\/strong><\/em>\u009d publicadas por \u0098P\u00e1gina Siete\u0099 en las que destac\u00f3 el titular en el que el diario afirmaba que cuatro ministros bolivianos fueron excomulgados por estar a favor del aborto. Pe\u00f1arama se disculp\u00f3 por la controversia.<\/p>\n<p>En &#8216;P\u00e1gina Siete&#8217; <em><strong>hay una intenci\u00f3n, una pol\u00edtica definida, hay un trabajo orientado a lastimar, da\u00f1ar, erosionar al gobierno nacional<\/strong><\/em>\u009d, a\u00f1adi\u00f3 Quintana.<\/p>\n","protected":false},"excerpt":{"rendered":"<p>Tras las acusaciones del r\u00e9gimen de Evo Morales, Bolivia, de responder a intereses chilenos y de manipular la opini\u00f3n p\u00fablica.\u00a0 El periodista Ra\u00fal Pe\u00f1arana Undurraga renunci\u00f3 el jueves pasado, 22 de agosto, a la direcci\u00f3n del diario \u0098P\u00e1gina Siete\u0099, el cual administr\u00f3 desde su fundaci\u00f3n en el 2010. Undurraga manifest\u00f3 que para evitar que el Gobierno siga atac\u00e1ndonos es que he decidido renunciar\u009d. El diario \u0098P\u00e1gina Siete\u0099 pertenece a la familia Garafulic, el cual fue se\u00f1alado por el ministro de la Presidencia, Juan Ram\u00f3n Quintana, como funcional a los intereses chilenos, de la ultra derecha chilena, de empresarios ultraconservadores chilenos\u009d. El ministro recalc\u00f3 que un miembro de la familia Garafulic, casado con una congresista chilena de derecha habr\u00eda pedido, presuntamente, al medio que definiera si realizar\u00eda periodismo honesto\u009d o ser\u00eda parte de un partido pol\u00edtico de oposici\u00f3n. Quintana enumer\u00f3 presuntas siete mentiras\u009d publicadas por \u0098P\u00e1gina Siete\u0099 en las que destac\u00f3 el titular en el que el diario afirmaba que cuatro ministros bolivianos fueron excomulgados por estar a favor del aborto. Pe\u00f1arama se disculp\u00f3 por la controversia. En &#8216;P\u00e1gina Siete&#8217; hay una intenci\u00f3n, una pol\u00edtica definida, hay un trabajo orientado a lastimar, da\u00f1ar, erosionar al gobierno nacional\u009d, a\u00f1adi\u00f3 Quintana.<\/p>\n","protected":false},"author":1,"featured_media":220502,"comment_status":"open","ping_status":"open","sticky":false,"template":"","format":"standard","meta":[],"categories":[34,37],"tags":[],"_links":{"self":[{"href":"https:\/\/www.ecuadortimes.net\/es\/wp-json\/wp\/v2\/posts\/220501"}],"collection":[{"href":"https:\/\/www.ecuadortimes.net\/es\/wp-json\/wp\/v2\/posts"}],"about":[{"href":"https:\/\/www.ecuadortimes.net\/es\/wp-json\/wp\/v2\/types\/post"}],"author":[{"embeddable":true,"href":"https:\/\/www.ecuadortimes.net\/es\/wp-json\/wp\/v2\/users\/1"}],"replies":[{"embeddable":true,"href":"https:\/\/www.ecuadortimes.net\/es\/wp-json\/wp\/v2\/comments?post=220501"}],"version-history":[{"count":0,"href":"https:\/\/www.ecuadortimes.net\/es\/wp-json\/wp\/v2\/posts\/220501\/revisions"}],"wp:featuredmedia":[{"embeddable":true,"href":"https:\/\/www.ecuadortimes.net\/es\/wp-json\/wp\/v2\/media\/220502"}],"wp:attachment":[{"href":"https:\/\/www.ecuadortimes.net\/es\/wp-json\/wp\/v2\/media?parent=220501"}],"wp:term":[{"taxonomy":"category","embeddable":true,"href":"https:\/\/www.ecuadortimes.net\/es\/wp-json\/wp\/v2\/categories?post=220501"},{"taxonomy":"post_tag","embeddable":true,"href":"https:\/\/www.ecuadortimes.net\/es\/wp-json\/wp\/v2\/tags?post=220501"}],"curies":[{"name":"wp","href":"https:\/\/api.w.org\/{rel}","templated":true}]}}