{"id":220503,"date":"2013-08-23T00:00:00","date_gmt":"2013-08-23T00:00:00","guid":{"rendered":"https:\/\/www.ecuadortimes.net\/es\/gobierno-colombiano-busca-referendo-de-paz-con-las-farc\/"},"modified":"2013-08-23T00:00:00","modified_gmt":"2013-08-23T00:00:00","slug":"gobierno-colombiano-busca-referendo-de-paz-con-las-farc","status":"publish","type":"post","link":"https:\/\/www.ecuadortimes.net\/es\/gobierno-colombiano-busca-referendo-de-paz-con-las-farc\/","title":{"rendered":"Gobierno colombiano busca referendo de paz con las FARC"},"content":{"rendered":"<div id=\"attachment_125338\" style=\"width: 310px\" class=\"wp-caption alignleft\"><img aria-describedby=\"caption-attachment-125338\" loading=\"lazy\" class=\"size-medium wp-image-125338\" title=\"Juan Manuel Santos\" src=\"http:\/\/media.ecuadortimes.net\/2013\/08\/Juan-Manuel-Santos-fights-farc-corruption3-300x225.jpg\" alt=\"Juan Manuel Santos\" width=\"300\" height=\"225\" \/><p id=\"caption-attachment-125338\" class=\"wp-caption-text\">Juan Manuel Santos<\/p><\/div>\n<p><strong>El presidente de Colombia, Juan Manuel Santos, anunci\u00f3 el jueves pasado, 22 de agosto, una ley para un refer\u00e9ndum en las elecciones de 2014<\/strong>. En dichos comicios el pueblo colombiano decidir\u00e1 si aprueban o no los puntos que eventualmente se acuerden en las negociaciones de paz con las FARC en La Habana, Cuba.<\/p>\n<p>&#8220;<strong><em>El proceso de paz avanza. Las conversaciones en La Habana avanzan. Y tenemos la responsabilidad, la obligaci\u00f3n de prever cualquier instancia que sea necesaria si los acuerdos se formalizan, para que el pueblo colombiano&#8230; sea quien tome la \u00faltima palabra, quien decida si esos acuerdos a que lleguemos son aceptables o no<\/em><\/strong>&#8220;, indic\u00f3 Santos en un evento en la Casa de Nari\u00f1o, sede del gobierno colombiano.<\/p>\n<p>El presidente explic\u00f3, <strong><em>hay un proyecto de ley estatuaria que hemos considerado necesario presentar ante el Congreso con un mensaje de urgencia para poder facilitar el proceso de refrendaci\u00f3n de esos acuerdos<\/em><\/strong>\u009d.<\/p>\n<p>Finalmente, Santos mantuvo que el prop\u00f3sito del proyecto de ley busca que los referendos relacionados con los acuerdos que se logren para dar fin al conflicto b\u00e9lico con las Fuerzas Armadas Revolucionarias de Colombia se presenten en un d\u00eda que coincida con las elecciones, ya sea de congresistas o de presidente.<\/p>\n<p>No obstante la propuesta de Santos perece tener poco tiempo para reunir los requisitos que exigen las leyes de Colombia en materia de refer\u00e9ndum.<\/p>\n","protected":false},"excerpt":{"rendered":"<p>El presidente de Colombia, Juan Manuel Santos, anunci\u00f3 el jueves pasado, 22 de agosto, una ley para un refer\u00e9ndum en las elecciones de 2014. En dichos comicios el pueblo colombiano decidir\u00e1 si aprueban o no los puntos que eventualmente se acuerden en las negociaciones de paz con las FARC en La Habana, Cuba. &#8220;El proceso de paz avanza. Las conversaciones en La Habana avanzan. Y tenemos la responsabilidad, la obligaci\u00f3n de prever cualquier instancia que sea necesaria si los acuerdos se formalizan, para que el pueblo colombiano&#8230; sea quien tome la \u00faltima palabra, quien decida si esos acuerdos a que lleguemos son aceptables o no&#8220;, indic\u00f3 Santos en un evento en la Casa de Nari\u00f1o, sede del gobierno colombiano. El presidente explic\u00f3, hay un proyecto de ley estatuaria que hemos considerado necesario presentar ante el Congreso con un mensaje de urgencia para poder facilitar el proceso de refrendaci\u00f3n de esos acuerdos\u009d. Finalmente, Santos mantuvo que el prop\u00f3sito del proyecto de ley busca que los referendos relacionados con los acuerdos que se logren para dar fin al conflicto b\u00e9lico con las Fuerzas Armadas Revolucionarias de Colombia se presenten en un d\u00eda que coincida con las elecciones, ya sea de congresistas o de presidente. No obstante la propuesta de Santos perece tener poco tiempo para reunir los requisitos que exigen las leyes de Colombia en materia de refer\u00e9ndum.<\/p>\n","protected":false},"author":1,"featured_media":220504,"comment_status":"open","ping_status":"open","sticky":false,"template":"","format":"standard","meta":[],"categories":[34,37],"tags":[],"_links":{"self":[{"href":"https:\/\/www.ecuadortimes.net\/es\/wp-json\/wp\/v2\/posts\/220503"}],"collection":[{"href":"https:\/\/www.ecuadortimes.net\/es\/wp-json\/wp\/v2\/posts"}],"about":[{"href":"https:\/\/www.ecuadortimes.net\/es\/wp-json\/wp\/v2\/types\/post"}],"author":[{"embeddable":true,"href":"https:\/\/www.ecuadortimes.net\/es\/wp-json\/wp\/v2\/users\/1"}],"replies":[{"embeddable":true,"href":"https:\/\/www.ecuadortimes.net\/es\/wp-json\/wp\/v2\/comments?post=220503"}],"version-history":[{"count":0,"href":"https:\/\/www.ecuadortimes.net\/es\/wp-json\/wp\/v2\/posts\/220503\/revisions"}],"wp:featuredmedia":[{"embeddable":true,"href":"https:\/\/www.ecuadortimes.net\/es\/wp-json\/wp\/v2\/media\/220504"}],"wp:attachment":[{"href":"https:\/\/www.ecuadortimes.net\/es\/wp-json\/wp\/v2\/media?parent=220503"}],"wp:term":[{"taxonomy":"category","embeddable":true,"href":"https:\/\/www.ecuadortimes.net\/es\/wp-json\/wp\/v2\/categories?post=220503"},{"taxonomy":"post_tag","embeddable":true,"href":"https:\/\/www.ecuadortimes.net\/es\/wp-json\/wp\/v2\/tags?post=220503"}],"curies":[{"name":"wp","href":"https:\/\/api.w.org\/{rel}","templated":true}]}}