{"id":220505,"date":"2013-08-23T00:00:00","date_gmt":"2013-08-23T00:00:00","guid":{"rendered":"https:\/\/www.ecuadortimes.net\/es\/activistas-arrestados-por-manifestar-en-pro-a-reforma-migratoria\/"},"modified":"2013-08-23T00:00:00","modified_gmt":"2013-08-23T00:00:00","slug":"activistas-arrestados-por-manifestar-en-pro-a-reforma-migratoria","status":"publish","type":"post","link":"https:\/\/www.ecuadortimes.net\/es\/activistas-arrestados-por-manifestar-en-pro-a-reforma-migratoria\/","title":{"rendered":"Activistas arrestados por manifestar en pro a reforma migratoria"},"content":{"rendered":"<p><img loading=\"lazy\" class=\" wp-image-125348 alignright\" title=\"Screen Shot 2013-08-23 at 16.57.41\" src=\"http:\/\/media.ecuadortimes.net\/2013\/08\/Screen-Shot-2013-08-23-at-16.57.411.png\" alt=\"\" width=\"323\" height=\"240\" \/>Una monja, una profesora y ocho j\u00f3venes activistas fueron arrestados ayer en el centro de Manhattan por bloquear una calle durante una protesta a favor de la reforma migratoria.<\/p>\n<p>Los manifestantes, quienes se encontraban frente a unas oficinas de inmigraci\u00f3n, fueron trasladados a una estaci\u00f3n de polic\u00eda y posteriormente recibieron citaciones tras ser acusados de desorden p\u00fablico.<\/p>\n<p>Fueron puestos en libertad y deber\u00e1n comparecer en la corte en noviembre.<\/p>\n<p>En la protesta participaron cerca de 50 personas que exig\u00edan a la C\u00e1mara de Representantes la aprobaci\u00f3n de una reforma a las leyes de inmigraci\u00f3n que incluya un camino a la naturalizaci\u00f3n para las personas que viven sin autorizaci\u00f3n en el pa\u00eds.<\/p>\n<p>La C\u00e1mara de Representantes aun no ha debatido el proyecto de ley sobre la\u00a0 reforma migratoria que el Senado aprob\u00f3 a fines de junio, la cual abre camino a la naturalizaci\u00f3n de inmigrantes sin autorizaci\u00f3n para vivir en el pa\u00eds.<\/p>\n","protected":false},"excerpt":{"rendered":"<p>Una monja, una profesora y ocho j\u00f3venes activistas fueron arrestados ayer en el centro de Manhattan por bloquear una calle durante una protesta a favor de la reforma migratoria. Los manifestantes, quienes se encontraban frente a unas oficinas de inmigraci\u00f3n, fueron trasladados a una estaci\u00f3n de polic\u00eda y posteriormente recibieron citaciones tras ser acusados de desorden p\u00fablico. Fueron puestos en libertad y deber\u00e1n comparecer en la corte en noviembre. En la protesta participaron cerca de 50 personas que exig\u00edan a la C\u00e1mara de Representantes la aprobaci\u00f3n de una reforma a las leyes de inmigraci\u00f3n que incluya un camino a la naturalizaci\u00f3n para las personas que viven sin autorizaci\u00f3n en el pa\u00eds. La C\u00e1mara de Representantes aun no ha debatido el proyecto de ley sobre la\u00a0 reforma migratoria que el Senado aprob\u00f3 a fines de junio, la cual abre camino a la naturalizaci\u00f3n de inmigrantes sin autorizaci\u00f3n para vivir en el pa\u00eds.<\/p>\n","protected":false},"author":1,"featured_media":0,"comment_status":"open","ping_status":"open","sticky":false,"template":"","format":"standard","meta":[],"categories":[45,34,37],"tags":[],"_links":{"self":[{"href":"https:\/\/www.ecuadortimes.net\/es\/wp-json\/wp\/v2\/posts\/220505"}],"collection":[{"href":"https:\/\/www.ecuadortimes.net\/es\/wp-json\/wp\/v2\/posts"}],"about":[{"href":"https:\/\/www.ecuadortimes.net\/es\/wp-json\/wp\/v2\/types\/post"}],"author":[{"embeddable":true,"href":"https:\/\/www.ecuadortimes.net\/es\/wp-json\/wp\/v2\/users\/1"}],"replies":[{"embeddable":true,"href":"https:\/\/www.ecuadortimes.net\/es\/wp-json\/wp\/v2\/comments?post=220505"}],"version-history":[{"count":0,"href":"https:\/\/www.ecuadortimes.net\/es\/wp-json\/wp\/v2\/posts\/220505\/revisions"}],"wp:attachment":[{"href":"https:\/\/www.ecuadortimes.net\/es\/wp-json\/wp\/v2\/media?parent=220505"}],"wp:term":[{"taxonomy":"category","embeddable":true,"href":"https:\/\/www.ecuadortimes.net\/es\/wp-json\/wp\/v2\/categories?post=220505"},{"taxonomy":"post_tag","embeddable":true,"href":"https:\/\/www.ecuadortimes.net\/es\/wp-json\/wp\/v2\/tags?post=220505"}],"curies":[{"name":"wp","href":"https:\/\/api.w.org\/{rel}","templated":true}]}}