{"id":220548,"date":"2013-08-26T00:00:00","date_gmt":"2013-08-26T00:00:00","guid":{"rendered":"https:\/\/www.ecuadortimes.net\/es\/miles-de-fieles-caminaron-con-la-churona-en-guayaquil\/"},"modified":"2013-08-26T00:00:00","modified_gmt":"2013-08-26T00:00:00","slug":"miles-de-fieles-caminaron-con-la-churona-en-guayaquil","status":"publish","type":"post","link":"https:\/\/www.ecuadortimes.net\/es\/miles-de-fieles-caminaron-con-la-churona-en-guayaquil\/","title":{"rendered":"Miles de fieles caminaron con La Churona en Guayaquil"},"content":{"rendered":"<p><img loading=\"lazy\" class=\"size-medium wp-image-125574 alignright\" title=\"Screen Shot 2013-08-26 at 14.12.57\" src=\"http:\/\/media.ecuadortimes.net\/2013\/08\/Screen-Shot-2013-08-26-at-14.12.571-300x253.png\" alt=\"\" width=\"300\" height=\"253\" \/>Los porte\u00f1os devotos fueron participes de una peregrinaci\u00f3n en homenaje a la Virgen de El Cisne en Guayaquil. El recorrido empez\u00f3 en el centro de la ciudad y culmin\u00f3 en el Suburbio, al sur de la Perla.<\/p>\n<p>Con la imagen de La Churona\u009d en hombros, fervientes cat\u00f3licos acompa\u00f1aban a su santa con devoci\u00f3n inclaudicable, para agradecer por las bendiciones y favores recibidos; muchos le rezaban para pedirles por salud, fe y estabilidad econ\u00f3mica.<\/p>\n<p>La romer\u00eda inici\u00f3 a las 15:30 desde la iglesia San Agust\u00edn. El Monse\u00f1or Iv\u00e1n Minda Chal\u00e1, obispo auxiliar de la Arquidi\u00f3cesis, ofici\u00f3 una misa donde cerca de 15 mil fieles participaron de la procesi\u00f3n. Luego dio paso a la larga caminata que termin\u00f3 en el templo San Vicente de Pa\u00fal a las 22:00. Posteriormente se ofici\u00f3 una misa campal en honor a la Churona, como se conoce a la Virgen.<\/p>\n","protected":false},"excerpt":{"rendered":"<p>Los porte\u00f1os devotos fueron participes de una peregrinaci\u00f3n en homenaje a la Virgen de El Cisne en Guayaquil. El recorrido empez\u00f3 en el centro de la ciudad y culmin\u00f3 en el Suburbio, al sur de la Perla. Con la imagen de La Churona\u009d en hombros, fervientes cat\u00f3licos acompa\u00f1aban a su santa con devoci\u00f3n inclaudicable, para agradecer por las bendiciones y favores recibidos; muchos le rezaban para pedirles por salud, fe y estabilidad econ\u00f3mica. La romer\u00eda inici\u00f3 a las 15:30 desde la iglesia San Agust\u00edn. El Monse\u00f1or Iv\u00e1n Minda Chal\u00e1, obispo auxiliar de la Arquidi\u00f3cesis, ofici\u00f3 una misa donde cerca de 15 mil fieles participaron de la procesi\u00f3n. Luego dio paso a la larga caminata que termin\u00f3 en el templo San Vicente de Pa\u00fal a las 22:00. Posteriormente se ofici\u00f3 una misa campal en honor a la Churona, como se conoce a la Virgen.<\/p>\n","protected":false},"author":1,"featured_media":0,"comment_status":"open","ping_status":"open","sticky":false,"template":"","format":"standard","meta":[],"categories":[35,37],"tags":[],"_links":{"self":[{"href":"https:\/\/www.ecuadortimes.net\/es\/wp-json\/wp\/v2\/posts\/220548"}],"collection":[{"href":"https:\/\/www.ecuadortimes.net\/es\/wp-json\/wp\/v2\/posts"}],"about":[{"href":"https:\/\/www.ecuadortimes.net\/es\/wp-json\/wp\/v2\/types\/post"}],"author":[{"embeddable":true,"href":"https:\/\/www.ecuadortimes.net\/es\/wp-json\/wp\/v2\/users\/1"}],"replies":[{"embeddable":true,"href":"https:\/\/www.ecuadortimes.net\/es\/wp-json\/wp\/v2\/comments?post=220548"}],"version-history":[{"count":0,"href":"https:\/\/www.ecuadortimes.net\/es\/wp-json\/wp\/v2\/posts\/220548\/revisions"}],"wp:attachment":[{"href":"https:\/\/www.ecuadortimes.net\/es\/wp-json\/wp\/v2\/media?parent=220548"}],"wp:term":[{"taxonomy":"category","embeddable":true,"href":"https:\/\/www.ecuadortimes.net\/es\/wp-json\/wp\/v2\/categories?post=220548"},{"taxonomy":"post_tag","embeddable":true,"href":"https:\/\/www.ecuadortimes.net\/es\/wp-json\/wp\/v2\/tags?post=220548"}],"curies":[{"name":"wp","href":"https:\/\/api.w.org\/{rel}","templated":true}]}}