{"id":220570,"date":"2013-08-28T00:00:00","date_gmt":"2013-08-28T00:00:00","guid":{"rendered":"https:\/\/www.ecuadortimes.net\/es\/fallecio-escritor-rafael-diaz-ycaza\/"},"modified":"2013-08-28T00:00:00","modified_gmt":"2013-08-28T00:00:00","slug":"fallecio-escritor-rafael-diaz-ycaza","status":"publish","type":"post","link":"https:\/\/www.ecuadortimes.net\/es\/fallecio-escritor-rafael-diaz-ycaza\/","title":{"rendered":"Falleci\u00f3 escritor Rafael D\u00edaz Ycaza"},"content":{"rendered":"<p><a href=\"http:\/\/www.ecuadortimes.net\/es\/2013\/08\/28\/fallecio-escritor-rafael-diaz-ycaza\/escritor\/\" rel=\"attachment wp-att-125700\"><img loading=\"lazy\" class=\"alignleft size-full wp-image-125700\" title=\"escritor\" src=\"http:\/\/media.ecuadortimes.net\/2013\/08\/escritor.jpg\" alt=\"\" width=\"340\" height=\"256\" \/><\/a><strong>El periodista y gestor cultural, Rafael D\u00edaz Ycaza, falleci\u00f3 ayer a los 87 a\u00f1os en Guayaquil, luego de haber padecido por un largo periodo una enfermedad degenerativa. Su sepelio se realizar\u00e1 hoy al mediod\u00eda en el cementerio general.<\/strong><\/p>\n<p>El amor por la literatura D\u00edaz Ycaza lo descubri\u00f3 en su juventud, desde entonces siempre fue un hombre que se preocup\u00f3 por las condiciones de vida de los ciudadanos, y eso se reflejaba en sus creaciones literarias.<\/p>\n<p>En uno de sus \u00faltimos homenajes, este escritor guayaquile\u00f1o recibi\u00f3 por parte del gobierno nacional el premio Eugenio Espejo en el a\u00f1o 2011.<\/p>\n<p>D\u00edaz Icaza es, adem\u00e1s, autor de ocho poemarios, dos novelas y seis libros de cuentos, por los cuales se hizo acreedor a los premios Aurelio Espinoza P\u00f3lit, el de cuento Jos\u00e9 de la Cuadra, el nacional de poes\u00eda Medardo \u00c3\u0081ngel Silva, el Ismael P\u00e9rez Pazmi\u00f1o, la medalla Carlos Zevallos Men\u00e9ndez, entre otros.<\/p>\n","protected":false},"excerpt":{"rendered":"<p>El periodista y gestor cultural, Rafael D\u00edaz Ycaza, falleci\u00f3 ayer a los 87 a\u00f1os en Guayaquil, luego de haber padecido por un largo periodo una enfermedad degenerativa. Su sepelio se realizar\u00e1 hoy al mediod\u00eda en el cementerio general. El amor por la literatura D\u00edaz Ycaza lo descubri\u00f3 en su juventud, desde entonces siempre fue un hombre que se preocup\u00f3 por las condiciones de vida de los ciudadanos, y eso se reflejaba en sus creaciones literarias. En uno de sus \u00faltimos homenajes, este escritor guayaquile\u00f1o recibi\u00f3 por parte del gobierno nacional el premio Eugenio Espejo en el a\u00f1o 2011. D\u00edaz Icaza es, adem\u00e1s, autor de ocho poemarios, dos novelas y seis libros de cuentos, por los cuales se hizo acreedor a los premios Aurelio Espinoza P\u00f3lit, el de cuento Jos\u00e9 de la Cuadra, el nacional de poes\u00eda Medardo \u00c3\u0081ngel Silva, el Ismael P\u00e9rez Pazmi\u00f1o, la medalla Carlos Zevallos Men\u00e9ndez, entre otros.<\/p>\n","protected":false},"author":1,"featured_media":220571,"comment_status":"open","ping_status":"open","sticky":false,"template":"","format":"standard","meta":[],"categories":[32,41,37],"tags":[],"_links":{"self":[{"href":"https:\/\/www.ecuadortimes.net\/es\/wp-json\/wp\/v2\/posts\/220570"}],"collection":[{"href":"https:\/\/www.ecuadortimes.net\/es\/wp-json\/wp\/v2\/posts"}],"about":[{"href":"https:\/\/www.ecuadortimes.net\/es\/wp-json\/wp\/v2\/types\/post"}],"author":[{"embeddable":true,"href":"https:\/\/www.ecuadortimes.net\/es\/wp-json\/wp\/v2\/users\/1"}],"replies":[{"embeddable":true,"href":"https:\/\/www.ecuadortimes.net\/es\/wp-json\/wp\/v2\/comments?post=220570"}],"version-history":[{"count":0,"href":"https:\/\/www.ecuadortimes.net\/es\/wp-json\/wp\/v2\/posts\/220570\/revisions"}],"wp:featuredmedia":[{"embeddable":true,"href":"https:\/\/www.ecuadortimes.net\/es\/wp-json\/wp\/v2\/media\/220571"}],"wp:attachment":[{"href":"https:\/\/www.ecuadortimes.net\/es\/wp-json\/wp\/v2\/media?parent=220570"}],"wp:term":[{"taxonomy":"category","embeddable":true,"href":"https:\/\/www.ecuadortimes.net\/es\/wp-json\/wp\/v2\/categories?post=220570"},{"taxonomy":"post_tag","embeddable":true,"href":"https:\/\/www.ecuadortimes.net\/es\/wp-json\/wp\/v2\/tags?post=220570"}],"curies":[{"name":"wp","href":"https:\/\/api.w.org\/{rel}","templated":true}]}}