{"id":220572,"date":"2013-08-28T00:00:00","date_gmt":"2013-08-28T00:00:00","guid":{"rendered":"https:\/\/www.ecuadortimes.net\/es\/sismo-sacudio-el-suroeste-de-colombia\/"},"modified":"2013-08-28T00:00:00","modified_gmt":"2013-08-28T00:00:00","slug":"sismo-sacudio-el-suroeste-de-colombia","status":"publish","type":"post","link":"https:\/\/www.ecuadortimes.net\/es\/sismo-sacudio-el-suroeste-de-colombia\/","title":{"rendered":"Sismo sacudi\u00f3 el suroeste de Colombia"},"content":{"rendered":"<p><a href=\"http:\/\/www.ecuadortimes.net\/es\/2013\/08\/28\/sismo-sacudio-el-suroeste-de-colombia\/sismo-4\/\" rel=\"attachment wp-att-125705\"><img loading=\"lazy\" class=\"alignleft size-full wp-image-125705\" title=\"sismo\" src=\"http:\/\/media.ecuadortimes.net\/2013\/08\/sismo3.jpg\" alt=\"\" width=\"340\" height=\"256\" \/><\/a><strong>La Red Sismol\u00f3gica de Colombia inform\u00f3 que ayer a las 18:22 el suroeste del pa\u00eds fue sacudido por un sismo de 4,6 grados,<\/strong> sin embargo hasta el momento las autoridades no han reportado v\u00edctimas.<\/p>\n<p><strong>La Red indic\u00f3 que el movimiento tel\u00farico tuvo una profundidad &#8220;superficial&#8221; inferior a 30 km y se sinti\u00f3 especialmente en la ciudad de Cali, capital del departamento de Valle.<\/strong><\/p>\n<p>Seg\u00fan el diario El Pa\u00eds de Cali, cuatro viviendas fueron afectadas en el municipio de Dagua. El tabloide adem\u00e1s se\u00f1al\u00f3 que el sismo gener\u00f3 p\u00e1nico en los habitantes de las edificaciones altas de la ciudad de Cali y se sinti\u00f3 fuertemente en municipios como Yumbo, Jamund\u00ed, Cartago y Pereira.<\/p>\n<p>El director de la Unidad de Gesti\u00f3n de Riesgo, Carlos Iv\u00e1n M\u00e1rquez, indic\u00f3 a trav\u00e9s de su cuenta de Twitter que &#8220;no se ha reportado afectaciones&#8221; y descart\u00f3 alerta de tsunami, ya que el departamento de Valle se ubica sobre la costa del mar Pacifico colombiano.<\/p>\n","protected":false},"excerpt":{"rendered":"<p>La Red Sismol\u00f3gica de Colombia inform\u00f3 que ayer a las 18:22 el suroeste del pa\u00eds fue sacudido por un sismo de 4,6 grados, sin embargo hasta el momento las autoridades no han reportado v\u00edctimas. La Red indic\u00f3 que el movimiento tel\u00farico tuvo una profundidad &#8220;superficial&#8221; inferior a 30 km y se sinti\u00f3 especialmente en la ciudad de Cali, capital del departamento de Valle. Seg\u00fan el diario El Pa\u00eds de Cali, cuatro viviendas fueron afectadas en el municipio de Dagua. El tabloide adem\u00e1s se\u00f1al\u00f3 que el sismo gener\u00f3 p\u00e1nico en los habitantes de las edificaciones altas de la ciudad de Cali y se sinti\u00f3 fuertemente en municipios como Yumbo, Jamund\u00ed, Cartago y Pereira. El director de la Unidad de Gesti\u00f3n de Riesgo, Carlos Iv\u00e1n M\u00e1rquez, indic\u00f3 a trav\u00e9s de su cuenta de Twitter que &#8220;no se ha reportado afectaciones&#8221; y descart\u00f3 alerta de tsunami, ya que el departamento de Valle se ubica sobre la costa del mar Pacifico colombiano.<\/p>\n","protected":false},"author":1,"featured_media":220573,"comment_status":"open","ping_status":"open","sticky":false,"template":"","format":"standard","meta":[],"categories":[36,37],"tags":[],"_links":{"self":[{"href":"https:\/\/www.ecuadortimes.net\/es\/wp-json\/wp\/v2\/posts\/220572"}],"collection":[{"href":"https:\/\/www.ecuadortimes.net\/es\/wp-json\/wp\/v2\/posts"}],"about":[{"href":"https:\/\/www.ecuadortimes.net\/es\/wp-json\/wp\/v2\/types\/post"}],"author":[{"embeddable":true,"href":"https:\/\/www.ecuadortimes.net\/es\/wp-json\/wp\/v2\/users\/1"}],"replies":[{"embeddable":true,"href":"https:\/\/www.ecuadortimes.net\/es\/wp-json\/wp\/v2\/comments?post=220572"}],"version-history":[{"count":0,"href":"https:\/\/www.ecuadortimes.net\/es\/wp-json\/wp\/v2\/posts\/220572\/revisions"}],"wp:featuredmedia":[{"embeddable":true,"href":"https:\/\/www.ecuadortimes.net\/es\/wp-json\/wp\/v2\/media\/220573"}],"wp:attachment":[{"href":"https:\/\/www.ecuadortimes.net\/es\/wp-json\/wp\/v2\/media?parent=220572"}],"wp:term":[{"taxonomy":"category","embeddable":true,"href":"https:\/\/www.ecuadortimes.net\/es\/wp-json\/wp\/v2\/categories?post=220572"},{"taxonomy":"post_tag","embeddable":true,"href":"https:\/\/www.ecuadortimes.net\/es\/wp-json\/wp\/v2\/tags?post=220572"}],"curies":[{"name":"wp","href":"https:\/\/api.w.org\/{rel}","templated":true}]}}