{"id":220574,"date":"2013-08-28T00:00:00","date_gmt":"2013-08-28T00:00:00","guid":{"rendered":"https:\/\/www.ecuadortimes.net\/es\/siria-enfrenta-posibles-ataques-internacionales-correa-defiende-dialogo\/"},"modified":"2013-08-28T00:00:00","modified_gmt":"2013-08-28T00:00:00","slug":"siria-enfrenta-posibles-ataques-internacionales-correa-defiende-dialogo","status":"publish","type":"post","link":"https:\/\/www.ecuadortimes.net\/es\/siria-enfrenta-posibles-ataques-internacionales-correa-defiende-dialogo\/","title":{"rendered":"Siria enfrenta posibles ataques internacionales, Correa defiende di\u00e1logo"},"content":{"rendered":"<div id=\"attachment_125729\" style=\"width: 310px\" class=\"wp-caption alignright\"><img aria-describedby=\"caption-attachment-125729\" loading=\"lazy\" class=\"size-medium wp-image-125729\" title=\"Siria enfrenta ataque internacional inminente\" src=\"http:\/\/media.ecuadortimes.net\/2013\/08\/syria-is-a-target-now3-300x225.jpg\" alt=\"Siria enfrenta ataque internacional inminente\" width=\"300\" height=\"225\" \/><p id=\"caption-attachment-125729\" class=\"wp-caption-text\">Siria enfrenta ataque internacional inminente<\/p><\/div>\n<p><strong>El pasado martes la cadena CNN inform\u00f3 de un ataque limitado a Siria, el cual solo durar\u00e1 pocos d\u00edas. Se tiene planeado usar misiles guiados y vendr\u00e1n en dos oleadas, de esta manera Estados Unidos y sus aliados podr\u00e1n evaluar la efectividad de sus operaciones.<\/strong><\/p>\n<p>Fuentes del gobierno de norteamericano indicaron a CNN que el ataque se enfocar\u00e1 en objetivos militares de las fuerzas leales al l\u00edder del r\u00e9gimen sirio Bashar al-Assad, como castigo\u009d por usar armas qu\u00edmicas a gran escala en barrios ubicados en las afueras de la capital Damasco, el atroz evento ocurri\u00f3 el pasado mi\u00e9rcoles 21 de agosto.<\/p>\n<p>Este controversial ataque se realizar\u00eda por medio de misiles tipo \u0098<strong>Tomahawk\u0099<\/strong> que ser\u00e1n lanzados desde destructores y submarinos en el Mar Mediterr\u00e1neo, as\u00ed lo inform\u00f3 <strong>The New York Times<\/strong>\u009d al tiempo que a\u00f1adi\u00f3 que los misiles atacaran menos de medio centenar de objetivos estrat\u00e9gicos.<\/p>\n<p>Entre sus objetivos no se incluir\u00e1n los centros de almacenaje de armas qu\u00edmicas, por temer a causar una cat\u00e1strofe medioambiental o humanitaria, pero s\u00ed unidades de artiller\u00eda y centros de mando relacionados con los ataques qu\u00edmicos denunciados.<\/p>\n<p>Ecuador, ante este anuncio, no dud\u00f3 en mostrar su rechazo a la decisi\u00f3n de Estados Unidos sobre cualquier posible ataque armado contra Siria y reclam\u00f3 que la \u00fanica posibilidad de resolver el conflicto pac\u00edficamente es por medio del di\u00e1logo.<\/p>\n<p>Correa a\u00f1adi\u00f3 <strong><em>ya no podemos ser ingenuos, aqu\u00ed yo no creo en \u00e1rbitros del bien y del mal, m\u00e1s a\u00fan de potencias que por su historial de pol\u00edtica exterior (\u00a6) no tienen ninguna solvencia moral para convertirse en \u00e1rbitros del bien y del mal del mundo<\/em><\/strong>\u009d.<\/p>\n","protected":false},"excerpt":{"rendered":"<p>El pasado martes la cadena CNN inform\u00f3 de un ataque limitado a Siria, el cual solo durar\u00e1 pocos d\u00edas. Se tiene planeado usar misiles guiados y vendr\u00e1n en dos oleadas, de esta manera Estados Unidos y sus aliados podr\u00e1n evaluar la efectividad de sus operaciones. Fuentes del gobierno de norteamericano indicaron a CNN que el ataque se enfocar\u00e1 en objetivos militares de las fuerzas leales al l\u00edder del r\u00e9gimen sirio Bashar al-Assad, como castigo\u009d por usar armas qu\u00edmicas a gran escala en barrios ubicados en las afueras de la capital Damasco, el atroz evento ocurri\u00f3 el pasado mi\u00e9rcoles 21 de agosto. Este controversial ataque se realizar\u00eda por medio de misiles tipo \u0098Tomahawk\u0099 que ser\u00e1n lanzados desde destructores y submarinos en el Mar Mediterr\u00e1neo, as\u00ed lo inform\u00f3 The New York Times\u009d al tiempo que a\u00f1adi\u00f3 que los misiles atacaran menos de medio centenar de objetivos estrat\u00e9gicos. Entre sus objetivos no se incluir\u00e1n los centros de almacenaje de armas qu\u00edmicas, por temer a causar una cat\u00e1strofe medioambiental o humanitaria, pero s\u00ed unidades de artiller\u00eda y centros de mando relacionados con los ataques qu\u00edmicos denunciados. Ecuador, ante este anuncio, no dud\u00f3 en mostrar su rechazo a la decisi\u00f3n de Estados Unidos sobre cualquier posible ataque armado contra Siria y reclam\u00f3 que la \u00fanica posibilidad de resolver el conflicto pac\u00edficamente es por medio del di\u00e1logo. Correa a\u00f1adi\u00f3 ya no podemos ser ingenuos, aqu\u00ed yo no creo en \u00e1rbitros del bien y del mal, m\u00e1s a\u00fan de potencias que por su historial de pol\u00edtica exterior (\u00a6) no tienen ninguna solvencia moral para convertirse en \u00e1rbitros del bien y del mal del mundo\u009d.<\/p>\n","protected":false},"author":1,"featured_media":220575,"comment_status":"open","ping_status":"open","sticky":false,"template":"","format":"standard","meta":[],"categories":[34,37],"tags":[],"_links":{"self":[{"href":"https:\/\/www.ecuadortimes.net\/es\/wp-json\/wp\/v2\/posts\/220574"}],"collection":[{"href":"https:\/\/www.ecuadortimes.net\/es\/wp-json\/wp\/v2\/posts"}],"about":[{"href":"https:\/\/www.ecuadortimes.net\/es\/wp-json\/wp\/v2\/types\/post"}],"author":[{"embeddable":true,"href":"https:\/\/www.ecuadortimes.net\/es\/wp-json\/wp\/v2\/users\/1"}],"replies":[{"embeddable":true,"href":"https:\/\/www.ecuadortimes.net\/es\/wp-json\/wp\/v2\/comments?post=220574"}],"version-history":[{"count":0,"href":"https:\/\/www.ecuadortimes.net\/es\/wp-json\/wp\/v2\/posts\/220574\/revisions"}],"wp:featuredmedia":[{"embeddable":true,"href":"https:\/\/www.ecuadortimes.net\/es\/wp-json\/wp\/v2\/media\/220575"}],"wp:attachment":[{"href":"https:\/\/www.ecuadortimes.net\/es\/wp-json\/wp\/v2\/media?parent=220574"}],"wp:term":[{"taxonomy":"category","embeddable":true,"href":"https:\/\/www.ecuadortimes.net\/es\/wp-json\/wp\/v2\/categories?post=220574"},{"taxonomy":"post_tag","embeddable":true,"href":"https:\/\/www.ecuadortimes.net\/es\/wp-json\/wp\/v2\/tags?post=220574"}],"curies":[{"name":"wp","href":"https:\/\/api.w.org\/{rel}","templated":true}]}}