{"id":220578,"date":"2013-08-28T00:00:00","date_gmt":"2013-08-28T00:00:00","guid":{"rendered":"https:\/\/www.ecuadortimes.net\/es\/emelec-fuera-de-la-sudamericana\/"},"modified":"2013-08-28T00:00:00","modified_gmt":"2013-08-28T00:00:00","slug":"emelec-fuera-de-la-sudamericana","status":"publish","type":"post","link":"https:\/\/www.ecuadortimes.net\/es\/emelec-fuera-de-la-sudamericana\/","title":{"rendered":"Emelec, fuera de la Sudamericana"},"content":{"rendered":"<div id=\"attachment_125735\" style=\"width: 310px\" class=\"wp-caption alignright\"><img aria-describedby=\"caption-attachment-125735\" loading=\"lazy\" class=\"size-medium wp-image-125735\" title=\"Emelec est\u00e1 fuera de la Copa Sudamericana\" src=\"http:\/\/media.ecuadortimes.net\/2013\/08\/Emelec-is-out-of-the-south-american-cup3-300x225.jpg\" alt=\"Emelec est\u00e1 fuera de la Copa Sudamericana\" width=\"300\" height=\"225\" \/><p id=\"caption-attachment-125735\" class=\"wp-caption-text\">Emelec est\u00e1 fuera de la Copa Sudamericana<\/p><\/div>\n<p><strong>Derrotado, pero aplaudido por su hinchada, el equipo azul cay\u00f3 2 a 3 anoche en el estadio Capwell ante la Universidad Cat\u00f3lica y qued\u00f3 eliminado. Los chilenos hab\u00edan ganado 4 a 0 de local en Santiago la semana pasada el partido de ida.<\/strong><\/p>\n<p>Cerca de 15 000 aficionados fueron a ver a un Emelec r\u00e1pido y ansioso por hacer goles que origin\u00f3 unas siete llegadas con opci\u00f3n de gol, pero que su rival, con suerte y esmero pudo evitar, pero muy efectivo en anotar una de las dos \u00fanicas llegadas del primer tiempo.<\/p>\n<p>La historia se repiti\u00f3 en el segundo tiempo y cuando Emelec llegaba con insistencia recibi\u00f3 el segundo gol de contragolpe; la insistencia gener\u00f3 dos goles el\u00e9ctricos y el empate moment\u00e1neo a dos tantos, pero nuevamente la efectividad en el contragolpe de los chilenos le dio el tercer gol definitivo. Finalmente Cat\u00f3lica pas\u00f3 a octavos de la Copa Sudamericana con un marcador global de 7 a 2 y deber\u00e1 medirse en la siguiente ronda con el campe\u00f3n vigente del torneo, el brasile\u00f1o Sao Paulo.<\/p>\n<p>A\u00fan quedan en carrera los ecuatorianos Independiente Jos\u00e9 Ter\u00e1n y Liga de Loja, que enfrentan en esta misma instancia a Universidad de Chile y al paraguayo Nacional, respectivamente.<\/p>\n","protected":false},"excerpt":{"rendered":"<p>Derrotado, pero aplaudido por su hinchada, el equipo azul cay\u00f3 2 a 3 anoche en el estadio Capwell ante la Universidad Cat\u00f3lica y qued\u00f3 eliminado. Los chilenos hab\u00edan ganado 4 a 0 de local en Santiago la semana pasada el partido de ida. Cerca de 15 000 aficionados fueron a ver a un Emelec r\u00e1pido y ansioso por hacer goles que origin\u00f3 unas siete llegadas con opci\u00f3n de gol, pero que su rival, con suerte y esmero pudo evitar, pero muy efectivo en anotar una de las dos \u00fanicas llegadas del primer tiempo. La historia se repiti\u00f3 en el segundo tiempo y cuando Emelec llegaba con insistencia recibi\u00f3 el segundo gol de contragolpe; la insistencia gener\u00f3 dos goles el\u00e9ctricos y el empate moment\u00e1neo a dos tantos, pero nuevamente la efectividad en el contragolpe de los chilenos le dio el tercer gol definitivo. Finalmente Cat\u00f3lica pas\u00f3 a octavos de la Copa Sudamericana con un marcador global de 7 a 2 y deber\u00e1 medirse en la siguiente ronda con el campe\u00f3n vigente del torneo, el brasile\u00f1o Sao Paulo. A\u00fan quedan en carrera los ecuatorianos Independiente Jos\u00e9 Ter\u00e1n y Liga de Loja, que enfrentan en esta misma instancia a Universidad de Chile y al paraguayo Nacional, respectivamente.<\/p>\n","protected":false},"author":1,"featured_media":220579,"comment_status":"open","ping_status":"open","sticky":false,"template":"","format":"standard","meta":[],"categories":[38,37],"tags":[],"_links":{"self":[{"href":"https:\/\/www.ecuadortimes.net\/es\/wp-json\/wp\/v2\/posts\/220578"}],"collection":[{"href":"https:\/\/www.ecuadortimes.net\/es\/wp-json\/wp\/v2\/posts"}],"about":[{"href":"https:\/\/www.ecuadortimes.net\/es\/wp-json\/wp\/v2\/types\/post"}],"author":[{"embeddable":true,"href":"https:\/\/www.ecuadortimes.net\/es\/wp-json\/wp\/v2\/users\/1"}],"replies":[{"embeddable":true,"href":"https:\/\/www.ecuadortimes.net\/es\/wp-json\/wp\/v2\/comments?post=220578"}],"version-history":[{"count":0,"href":"https:\/\/www.ecuadortimes.net\/es\/wp-json\/wp\/v2\/posts\/220578\/revisions"}],"wp:featuredmedia":[{"embeddable":true,"href":"https:\/\/www.ecuadortimes.net\/es\/wp-json\/wp\/v2\/media\/220579"}],"wp:attachment":[{"href":"https:\/\/www.ecuadortimes.net\/es\/wp-json\/wp\/v2\/media?parent=220578"}],"wp:term":[{"taxonomy":"category","embeddable":true,"href":"https:\/\/www.ecuadortimes.net\/es\/wp-json\/wp\/v2\/categories?post=220578"},{"taxonomy":"post_tag","embeddable":true,"href":"https:\/\/www.ecuadortimes.net\/es\/wp-json\/wp\/v2\/tags?post=220578"}],"curies":[{"name":"wp","href":"https:\/\/api.w.org\/{rel}","templated":true}]}}