{"id":220580,"date":"2013-08-28T00:00:00","date_gmt":"2013-08-28T00:00:00","guid":{"rendered":"https:\/\/www.ecuadortimes.net\/es\/consejo-de-regulacion-de-la-comunicacion-ya-tiene-cuenta-en-twitter\/"},"modified":"2013-08-28T00:00:00","modified_gmt":"2013-08-28T00:00:00","slug":"consejo-de-regulacion-de-la-comunicacion-ya-tiene-cuenta-en-twitter","status":"publish","type":"post","link":"https:\/\/www.ecuadortimes.net\/es\/consejo-de-regulacion-de-la-comunicacion-ya-tiene-cuenta-en-twitter\/","title":{"rendered":"Consejo de Regulaci\u00f3n de la Comunicaci\u00f3n ya tiene cuenta en Twitter"},"content":{"rendered":"<div id=\"attachment_125739\" style=\"width: 310px\" class=\"wp-caption alignleft\"><img aria-describedby=\"caption-attachment-125739\" loading=\"lazy\" class=\"size-medium wp-image-125739\" title=\"CORDICOM ya tiene cuenta en Twitter\" src=\"http:\/\/media.ecuadortimes.net\/2013\/08\/Consejo-de-Regulacion-y-Desarrollo-de-la-Informacion-y-Comunicacion3-300x225.jpg\" alt=\"CORDICOM ya tiene cuenta en Twitter\" width=\"300\" height=\"225\" \/><p id=\"caption-attachment-125739\" class=\"wp-caption-text\">CORDICOM ya tiene cuenta en Twitter<\/p><\/div>\n<p><strong>Desde el 23 de agosto pasado el Consejo de Regulaci\u00f3n y Desarrollo de la Informaci\u00f3n y Comunicaci\u00f3n de Ecuador ya tiene cuenta en Twitter. Su usuario es @CORDICOM_ec.<\/strong><\/p>\n<p>La cuenta actualmente tiene alrededor de 160 seguidores. La \u00fanica cuenta que sigue, hasta el momento, es la cuenta personal y verificada del secretario de Comunicaci\u00f3n, Fernando Alvarado Espinel.<\/p>\n<p>Sus tuits hacen referencia a la participaci\u00f3n de Patricio Barriga, presidente del organismo, quien expres\u00f3 durante una entrevista por televisi\u00f3n los beneficios de la nueva ley de comunicaci\u00f3n en el pa\u00eds.<\/p>\n","protected":false},"excerpt":{"rendered":"<p>Desde el 23 de agosto pasado el Consejo de Regulaci\u00f3n y Desarrollo de la Informaci\u00f3n y Comunicaci\u00f3n de Ecuador ya tiene cuenta en Twitter. Su usuario es @CORDICOM_ec. La cuenta actualmente tiene alrededor de 160 seguidores. La \u00fanica cuenta que sigue, hasta el momento, es la cuenta personal y verificada del secretario de Comunicaci\u00f3n, Fernando Alvarado Espinel. Sus tuits hacen referencia a la participaci\u00f3n de Patricio Barriga, presidente del organismo, quien expres\u00f3 durante una entrevista por televisi\u00f3n los beneficios de la nueva ley de comunicaci\u00f3n en el pa\u00eds.<\/p>\n","protected":false},"author":1,"featured_media":220581,"comment_status":"open","ping_status":"open","sticky":false,"template":"","format":"standard","meta":[],"categories":[40,37],"tags":[],"_links":{"self":[{"href":"https:\/\/www.ecuadortimes.net\/es\/wp-json\/wp\/v2\/posts\/220580"}],"collection":[{"href":"https:\/\/www.ecuadortimes.net\/es\/wp-json\/wp\/v2\/posts"}],"about":[{"href":"https:\/\/www.ecuadortimes.net\/es\/wp-json\/wp\/v2\/types\/post"}],"author":[{"embeddable":true,"href":"https:\/\/www.ecuadortimes.net\/es\/wp-json\/wp\/v2\/users\/1"}],"replies":[{"embeddable":true,"href":"https:\/\/www.ecuadortimes.net\/es\/wp-json\/wp\/v2\/comments?post=220580"}],"version-history":[{"count":0,"href":"https:\/\/www.ecuadortimes.net\/es\/wp-json\/wp\/v2\/posts\/220580\/revisions"}],"wp:featuredmedia":[{"embeddable":true,"href":"https:\/\/www.ecuadortimes.net\/es\/wp-json\/wp\/v2\/media\/220581"}],"wp:attachment":[{"href":"https:\/\/www.ecuadortimes.net\/es\/wp-json\/wp\/v2\/media?parent=220580"}],"wp:term":[{"taxonomy":"category","embeddable":true,"href":"https:\/\/www.ecuadortimes.net\/es\/wp-json\/wp\/v2\/categories?post=220580"},{"taxonomy":"post_tag","embeddable":true,"href":"https:\/\/www.ecuadortimes.net\/es\/wp-json\/wp\/v2\/tags?post=220580"}],"curies":[{"name":"wp","href":"https:\/\/api.w.org\/{rel}","templated":true}]}}