{"id":220586,"date":"2013-08-28T00:00:00","date_gmt":"2013-08-28T00:00:00","guid":{"rendered":"https:\/\/www.ecuadortimes.net\/es\/michael-buble-y-lu-lopilato-son-padres\/"},"modified":"2013-08-28T00:00:00","modified_gmt":"2013-08-28T00:00:00","slug":"michael-buble-y-lu-lopilato-son-padres","status":"publish","type":"post","link":"https:\/\/www.ecuadortimes.net\/es\/michael-buble-y-lu-lopilato-son-padres\/","title":{"rendered":"Michael Bubl\u00e9 y Lu Lopilato son padres"},"content":{"rendered":"<p>La madrugada de ayer naci\u00f3 el primer hijo del cantante canadiense Michael Bubl\u00e9 y la actriz argentina Luisana Lopilato. La joven pareja nombr\u00f3 a su beb\u00e9 Noah Bubl\u00e9.<\/p>\n<p>El alumbramiento fue a las 2:26 de la madrugada en Vancouver, Canad\u00e1 y fue anunciado a trav\u00e9s de las redes sociales de ambos artistas.<\/p>\n<p>Adem\u00e1s del anuncio, la pareja poste\u00f3 una imagen en la que se ve a la mam\u00e1, el pap\u00e1 (con ropa de parto) y el reci\u00e9n nacido.<\/p>\n<p><img loading=\"lazy\" class=\"aligncenter size-full wp-image-125789\" title=\"Screen Shot 2013-08-28 at 10.07.18\" src=\"http:\/\/media.ecuadortimes.net\/2013\/08\/Screen-Shot-2013-08-28-at-10.07.181.png\" alt=\"\" width=\"592\" height=\"598\" \/><\/p>\n","protected":false},"excerpt":{"rendered":"<p>La madrugada de ayer naci\u00f3 el primer hijo del cantante canadiense Michael Bubl\u00e9 y la actriz argentina Luisana Lopilato. La joven pareja nombr\u00f3 a su beb\u00e9 Noah Bubl\u00e9. El alumbramiento fue a las 2:26 de la madrugada en Vancouver, Canad\u00e1 y fue anunciado a trav\u00e9s de las redes sociales de ambos artistas. Adem\u00e1s del anuncio, la pareja poste\u00f3 una imagen en la que se ve a la mam\u00e1, el pap\u00e1 (con ropa de parto) y el reci\u00e9n nacido.<\/p>\n","protected":false},"author":1,"featured_media":0,"comment_status":"open","ping_status":"open","sticky":false,"template":"","format":"standard","meta":[],"categories":[44,37],"tags":[],"_links":{"self":[{"href":"https:\/\/www.ecuadortimes.net\/es\/wp-json\/wp\/v2\/posts\/220586"}],"collection":[{"href":"https:\/\/www.ecuadortimes.net\/es\/wp-json\/wp\/v2\/posts"}],"about":[{"href":"https:\/\/www.ecuadortimes.net\/es\/wp-json\/wp\/v2\/types\/post"}],"author":[{"embeddable":true,"href":"https:\/\/www.ecuadortimes.net\/es\/wp-json\/wp\/v2\/users\/1"}],"replies":[{"embeddable":true,"href":"https:\/\/www.ecuadortimes.net\/es\/wp-json\/wp\/v2\/comments?post=220586"}],"version-history":[{"count":0,"href":"https:\/\/www.ecuadortimes.net\/es\/wp-json\/wp\/v2\/posts\/220586\/revisions"}],"wp:attachment":[{"href":"https:\/\/www.ecuadortimes.net\/es\/wp-json\/wp\/v2\/media?parent=220586"}],"wp:term":[{"taxonomy":"category","embeddable":true,"href":"https:\/\/www.ecuadortimes.net\/es\/wp-json\/wp\/v2\/categories?post=220586"},{"taxonomy":"post_tag","embeddable":true,"href":"https:\/\/www.ecuadortimes.net\/es\/wp-json\/wp\/v2\/tags?post=220586"}],"curies":[{"name":"wp","href":"https:\/\/api.w.org\/{rel}","templated":true}]}}