{"id":220588,"date":"2013-08-29T00:00:00","date_gmt":"2013-08-29T00:00:00","guid":{"rendered":"https:\/\/www.ecuadortimes.net\/es\/diario-pp-el-verdadero-saldra-de-circulacion\/"},"modified":"2013-08-29T00:00:00","modified_gmt":"2013-08-29T00:00:00","slug":"diario-pp-el-verdadero-saldra-de-circulacion","status":"publish","type":"post","link":"https:\/\/www.ecuadortimes.net\/es\/diario-pp-el-verdadero-saldra-de-circulacion\/","title":{"rendered":"Diario PP El Verdadero saldr\u00e1 de circulaci\u00f3n"},"content":{"rendered":"<p><a href=\"http:\/\/www.ecuadortimes.net\/es\/2013\/08\/29\/diario-pp-el-verdadero-saldra-de-circulacion\/diario-pepe-el-verdadero\/\" rel=\"attachment wp-att-125809\"><img loading=\"lazy\" class=\"alignleft size-full wp-image-125809\" title=\"diario-pepe-el-verdadero\" src=\"http:\/\/media.ecuadortimes.net\/2013\/08\/diario-pepe-el-verdadero.jpg\" alt=\"\" width=\"340\" height=\"256\" \/><\/a><strong>El diario p\u00fablico El Tel\u00e9grafo inform\u00f3 mediante un comunicado publicado en su edici\u00f3n impresa que el medio de comunicaci\u00f3n est\u00e1 buscando fortalecer su trabajo period\u00edstico de las publicaciones impresa y online.<\/strong><\/p>\n<p>En el texto se menciona que el director del tabloide, Orlando P\u00e9rez, resalt\u00f3 estos cambios son necesarios con el fin de optimizar los costos de operaci\u00f3n, as\u00ed como la productividad.<\/p>\n<p>Juan Montalvo, gerente de Talento Humano de El Tel\u00e9grafo, se encarg\u00f3 de reunir al personal para explicarle que los cambios eran necesarios y que esto no significa reducci\u00f3n de personal ni que los periodistas realicen labores diferentes a las que ven\u00edan desempe\u00f1ando en PP El Verdadero.<\/p>\n<p>El directorio asever\u00f3 que la remuneraci\u00f3n de los periodistas se respetar\u00e1, y que todos tienen garantizada su fuente de trabajo.<\/p>\n","protected":false},"excerpt":{"rendered":"<p>El diario p\u00fablico El Tel\u00e9grafo inform\u00f3 mediante un comunicado publicado en su edici\u00f3n impresa que el medio de comunicaci\u00f3n est\u00e1 buscando fortalecer su trabajo period\u00edstico de las publicaciones impresa y online. En el texto se menciona que el director del tabloide, Orlando P\u00e9rez, resalt\u00f3 estos cambios son necesarios con el fin de optimizar los costos de operaci\u00f3n, as\u00ed como la productividad. Juan Montalvo, gerente de Talento Humano de El Tel\u00e9grafo, se encarg\u00f3 de reunir al personal para explicarle que los cambios eran necesarios y que esto no significa reducci\u00f3n de personal ni que los periodistas realicen labores diferentes a las que ven\u00edan desempe\u00f1ando en PP El Verdadero. El directorio asever\u00f3 que la remuneraci\u00f3n de los periodistas se respetar\u00e1, y que todos tienen garantizada su fuente de trabajo.<\/p>\n","protected":false},"author":1,"featured_media":220589,"comment_status":"open","ping_status":"open","sticky":false,"template":"","format":"standard","meta":[],"categories":[32,41,37],"tags":[],"_links":{"self":[{"href":"https:\/\/www.ecuadortimes.net\/es\/wp-json\/wp\/v2\/posts\/220588"}],"collection":[{"href":"https:\/\/www.ecuadortimes.net\/es\/wp-json\/wp\/v2\/posts"}],"about":[{"href":"https:\/\/www.ecuadortimes.net\/es\/wp-json\/wp\/v2\/types\/post"}],"author":[{"embeddable":true,"href":"https:\/\/www.ecuadortimes.net\/es\/wp-json\/wp\/v2\/users\/1"}],"replies":[{"embeddable":true,"href":"https:\/\/www.ecuadortimes.net\/es\/wp-json\/wp\/v2\/comments?post=220588"}],"version-history":[{"count":0,"href":"https:\/\/www.ecuadortimes.net\/es\/wp-json\/wp\/v2\/posts\/220588\/revisions"}],"wp:featuredmedia":[{"embeddable":true,"href":"https:\/\/www.ecuadortimes.net\/es\/wp-json\/wp\/v2\/media\/220589"}],"wp:attachment":[{"href":"https:\/\/www.ecuadortimes.net\/es\/wp-json\/wp\/v2\/media?parent=220588"}],"wp:term":[{"taxonomy":"category","embeddable":true,"href":"https:\/\/www.ecuadortimes.net\/es\/wp-json\/wp\/v2\/categories?post=220588"},{"taxonomy":"post_tag","embeddable":true,"href":"https:\/\/www.ecuadortimes.net\/es\/wp-json\/wp\/v2\/tags?post=220588"}],"curies":[{"name":"wp","href":"https:\/\/api.w.org\/{rel}","templated":true}]}}