{"id":220596,"date":"2013-08-29T00:00:00","date_gmt":"2013-08-29T00:00:00","guid":{"rendered":"https:\/\/www.ecuadortimes.net\/es\/campesinos-marchan-para-que-se-mantenga-su-seguro-social\/"},"modified":"2013-08-29T00:00:00","modified_gmt":"2013-08-29T00:00:00","slug":"campesinos-marchan-para-que-se-mantenga-su-seguro-social","status":"publish","type":"post","link":"https:\/\/www.ecuadortimes.net\/es\/campesinos-marchan-para-que-se-mantenga-su-seguro-social\/","title":{"rendered":"Campesinos marchan para que se mantenga su seguro social"},"content":{"rendered":"<div id=\"attachment_125833\" style=\"width: 172px\" class=\"wp-caption alignright\"><img aria-describedby=\"caption-attachment-125833\" loading=\"lazy\" class=\"size-full wp-image-125833\" title=\"Luis Pilalot\" src=\"http:\/\/media.ecuadortimes.net\/2013\/08\/Luis-Pilalot1.png\" alt=\"Luis Pilalot\" width=\"162\" height=\"197\" \/><p id=\"caption-attachment-125833\" class=\"wp-caption-text\">Luis Pilalot<\/p><\/div>\n<p><strong>La ma\u00f1ana del mi\u00e9rcoles pasado, 28 de agosto, cientos de campesinos afiliados al Seguro Social Campesino marcharon por las calles de Guayaquil para solicitar que se mantenga el r\u00e9gimen independiente del Ministerio de Salud P\u00fablica y rechazar ciertas reformas que se pretende introducir.<\/strong><\/p>\n<p><strong>El presidente de la Uni\u00f3n de Organizaciones Campesinas del Ecuador, Luis Pilalot<\/strong>, afirm\u00f3 que hicieron la marcha porque conocen que existe una propuesta del Gobierno para que los dispensarios del Seguro est\u00e9n registrados al Ministerio y eso les quitar\u00eda beneficios a los afiliados, como la pensi\u00f3n jubilar, seguro de viudez, auxilio funeral y otros.<\/p>\n<p><strong><em>Hay un pronunciamiento de la Senplades y el Ministerio de Salud, que han analizado la problem\u00e1tica de los dispensarios y de la salud, all\u00ed han concluido en que ciertos dispensarios del Seguro Campesino tienen que cerrarse, dicen que para mejorar la atenci\u00f3n y cobertura; otros tienen que fusionarse; y otros deben ser adscritos al Ministerio<\/em><\/strong>\u009d, asever\u00f3 Pilalot.<\/p>\n<p>A\u00f1adi\u00f3 que si los dispensarios m\u00e9dicos se pasan al Ministerio de Salud P\u00fablica, los afiliados perder\u00edan derechos.<\/p>\n<p>La marcha del mi\u00e9rcoles lleg\u00f3 a la Caja del Seguro Social y a los bajos de la Gobernaci\u00f3n del Guayas.<\/p>\n","protected":false},"excerpt":{"rendered":"<p>La ma\u00f1ana del mi\u00e9rcoles pasado, 28 de agosto, cientos de campesinos afiliados al Seguro Social Campesino marcharon por las calles de Guayaquil para solicitar que se mantenga el r\u00e9gimen independiente del Ministerio de Salud P\u00fablica y rechazar ciertas reformas que se pretende introducir. El presidente de la Uni\u00f3n de Organizaciones Campesinas del Ecuador, Luis Pilalot, afirm\u00f3 que hicieron la marcha porque conocen que existe una propuesta del Gobierno para que los dispensarios del Seguro est\u00e9n registrados al Ministerio y eso les quitar\u00eda beneficios a los afiliados, como la pensi\u00f3n jubilar, seguro de viudez, auxilio funeral y otros. Hay un pronunciamiento de la Senplades y el Ministerio de Salud, que han analizado la problem\u00e1tica de los dispensarios y de la salud, all\u00ed han concluido en que ciertos dispensarios del Seguro Campesino tienen que cerrarse, dicen que para mejorar la atenci\u00f3n y cobertura; otros tienen que fusionarse; y otros deben ser adscritos al Ministerio\u009d, asever\u00f3 Pilalot. A\u00f1adi\u00f3 que si los dispensarios m\u00e9dicos se pasan al Ministerio de Salud P\u00fablica, los afiliados perder\u00edan derechos. La marcha del mi\u00e9rcoles lleg\u00f3 a la Caja del Seguro Social y a los bajos de la Gobernaci\u00f3n del Guayas.<\/p>\n","protected":false},"author":1,"featured_media":220597,"comment_status":"open","ping_status":"open","sticky":false,"template":"","format":"standard","meta":[],"categories":[40,37],"tags":[],"_links":{"self":[{"href":"https:\/\/www.ecuadortimes.net\/es\/wp-json\/wp\/v2\/posts\/220596"}],"collection":[{"href":"https:\/\/www.ecuadortimes.net\/es\/wp-json\/wp\/v2\/posts"}],"about":[{"href":"https:\/\/www.ecuadortimes.net\/es\/wp-json\/wp\/v2\/types\/post"}],"author":[{"embeddable":true,"href":"https:\/\/www.ecuadortimes.net\/es\/wp-json\/wp\/v2\/users\/1"}],"replies":[{"embeddable":true,"href":"https:\/\/www.ecuadortimes.net\/es\/wp-json\/wp\/v2\/comments?post=220596"}],"version-history":[{"count":0,"href":"https:\/\/www.ecuadortimes.net\/es\/wp-json\/wp\/v2\/posts\/220596\/revisions"}],"wp:featuredmedia":[{"embeddable":true,"href":"https:\/\/www.ecuadortimes.net\/es\/wp-json\/wp\/v2\/media\/220597"}],"wp:attachment":[{"href":"https:\/\/www.ecuadortimes.net\/es\/wp-json\/wp\/v2\/media?parent=220596"}],"wp:term":[{"taxonomy":"category","embeddable":true,"href":"https:\/\/www.ecuadortimes.net\/es\/wp-json\/wp\/v2\/categories?post=220596"},{"taxonomy":"post_tag","embeddable":true,"href":"https:\/\/www.ecuadortimes.net\/es\/wp-json\/wp\/v2\/tags?post=220596"}],"curies":[{"name":"wp","href":"https:\/\/api.w.org\/{rel}","templated":true}]}}