{"id":220598,"date":"2013-08-29T00:00:00","date_gmt":"2013-08-29T00:00:00","guid":{"rendered":"https:\/\/www.ecuadortimes.net\/es\/alto-indice-de-trabajo-informal-en-latinoamerica\/"},"modified":"2013-08-29T00:00:00","modified_gmt":"2013-08-29T00:00:00","slug":"alto-indice-de-trabajo-informal-en-latinoamerica","status":"publish","type":"post","link":"https:\/\/www.ecuadortimes.net\/es\/alto-indice-de-trabajo-informal-en-latinoamerica\/","title":{"rendered":"Alto \u00edndice de trabajo informal en Latinoam\u00e9rica"},"content":{"rendered":"<p><strong>Seg\u00fan datos de la Organizaci\u00f3n Internacional del Trabajo (OIT), Latinoam\u00e9rica (especialmente Honduras, Per\u00fa y Paraguay) tiene una actual tasa de desempleo del 6,4 %, con 267 millones de trabajadores, de los cuales 127 millones son informales.<\/strong><\/p>\n<p><strong>Elizabeth Tinoco, directora regional de OIT, asegura que la cifra de informales representa el 47,7 % del total de trabajadores latinoamericanos y caribe\u00f1os,<\/strong> los cuales han ido disminuyendo.<\/p>\n<p>Seg\u00fan Jos\u00e9 Chacaltana, especialista en empleo y pol\u00edticas de formalizaci\u00f3n de la OIT, de acuerdo con las estimaciones de la organizaci\u00f3n, tendr\u00e1n que pasar unos 50 a\u00f1os para reducir la informalidad a la mitad.<\/p>\n<p>Los pa\u00edses con una mayor tasa de informalidad son: Honduras (70,7 %), Per\u00fa (68,8 %), Paraguay (65,8 %), El Salvador (65,7 %), Colombia (56,8 %), M\u00e9xico (54,2 %), Ecuador (52,2%) y Rep\u00fablica Dominicana (50 %).<\/p>\n<div id=\"attachment_125843\" style=\"width: 460px\" class=\"wp-caption aligncenter\"><img aria-describedby=\"caption-attachment-125843\" loading=\"lazy\" class=\"size-full wp-image-125843\" title=\"Elizabeth Tinoco\" src=\"http:\/\/media.ecuadortimes.net\/2013\/08\/oit-elizabeth-tinoco-trabajo-informal-l1.jpg\" alt=\"Elizabeth Tinoco\" width=\"450\" height=\"383\" \/><p id=\"caption-attachment-125843\" class=\"wp-caption-text\">Elizabeth Tinoco<\/p><\/div>\n","protected":false},"excerpt":{"rendered":"<p>Seg\u00fan datos de la Organizaci\u00f3n Internacional del Trabajo (OIT), Latinoam\u00e9rica (especialmente Honduras, Per\u00fa y Paraguay) tiene una actual tasa de desempleo del 6,4 %, con 267 millones de trabajadores, de los cuales 127 millones son informales. Elizabeth Tinoco, directora regional de OIT, asegura que la cifra de informales representa el 47,7 % del total de trabajadores latinoamericanos y caribe\u00f1os, los cuales han ido disminuyendo. Seg\u00fan Jos\u00e9 Chacaltana, especialista en empleo y pol\u00edticas de formalizaci\u00f3n de la OIT, de acuerdo con las estimaciones de la organizaci\u00f3n, tendr\u00e1n que pasar unos 50 a\u00f1os para reducir la informalidad a la mitad. Los pa\u00edses con una mayor tasa de informalidad son: Honduras (70,7 %), Per\u00fa (68,8 %), Paraguay (65,8 %), El Salvador (65,7 %), Colombia (56,8 %), M\u00e9xico (54,2 %), Ecuador (52,2%) y Rep\u00fablica Dominicana (50 %).<\/p>\n","protected":false},"author":1,"featured_media":220599,"comment_status":"open","ping_status":"open","sticky":false,"template":"","format":"standard","meta":[],"categories":[36,37],"tags":[],"_links":{"self":[{"href":"https:\/\/www.ecuadortimes.net\/es\/wp-json\/wp\/v2\/posts\/220598"}],"collection":[{"href":"https:\/\/www.ecuadortimes.net\/es\/wp-json\/wp\/v2\/posts"}],"about":[{"href":"https:\/\/www.ecuadortimes.net\/es\/wp-json\/wp\/v2\/types\/post"}],"author":[{"embeddable":true,"href":"https:\/\/www.ecuadortimes.net\/es\/wp-json\/wp\/v2\/users\/1"}],"replies":[{"embeddable":true,"href":"https:\/\/www.ecuadortimes.net\/es\/wp-json\/wp\/v2\/comments?post=220598"}],"version-history":[{"count":0,"href":"https:\/\/www.ecuadortimes.net\/es\/wp-json\/wp\/v2\/posts\/220598\/revisions"}],"wp:featuredmedia":[{"embeddable":true,"href":"https:\/\/www.ecuadortimes.net\/es\/wp-json\/wp\/v2\/media\/220599"}],"wp:attachment":[{"href":"https:\/\/www.ecuadortimes.net\/es\/wp-json\/wp\/v2\/media?parent=220598"}],"wp:term":[{"taxonomy":"category","embeddable":true,"href":"https:\/\/www.ecuadortimes.net\/es\/wp-json\/wp\/v2\/categories?post=220598"},{"taxonomy":"post_tag","embeddable":true,"href":"https:\/\/www.ecuadortimes.net\/es\/wp-json\/wp\/v2\/tags?post=220598"}],"curies":[{"name":"wp","href":"https:\/\/api.w.org\/{rel}","templated":true}]}}