{"id":220600,"date":"2013-08-29T00:00:00","date_gmt":"2013-08-29T00:00:00","guid":{"rendered":"https:\/\/www.ecuadortimes.net\/es\/alexis-mera-penalizar-injurias-en-redes-sociales-pero-no-el-linchamiento-mediatico\/"},"modified":"2013-08-29T00:00:00","modified_gmt":"2013-08-29T00:00:00","slug":"alexis-mera-penalizar-injurias-en-redes-sociales-pero-no-el-linchamiento-mediatico","status":"publish","type":"post","link":"https:\/\/www.ecuadortimes.net\/es\/alexis-mera-penalizar-injurias-en-redes-sociales-pero-no-el-linchamiento-mediatico\/","title":{"rendered":"Alexis Mera: penalizar injurias en redes sociales, pero no el linchamiento medi\u00e1tico"},"content":{"rendered":"<p><strong>Debe ser una sanci\u00f3n administrativa (\u00a6) esa conducta no debe ser castigada como delito\u009d, expres\u00f3 el secretario jur\u00eddico de la Presidencia de la Rep\u00fablica, respecto a la penalizaci\u00f3n de la figura del linchamiento medi\u00e1tico concebida en la Ley Org\u00e1nica de Comunicaci\u00f3n.<\/strong><\/p>\n<p>&#8220;Yo he propuesto que se regule todo lo que sean procesos de calumnia en las redes sociales, porque estas redes no pueden ser un instrumento de impunidad&#8221;, insisti\u00f3 Mera, mientras planteaba algunas ideas para el nuevo C\u00f3digo Integral Penal, el cual es desarrollado por la Comisi\u00f3n de Justicia de la Asamblea Nacional.<\/p>\n<p>Mera asegura que la sanci\u00f3n &#8220;por injuriar en redes&#8221; debe ser equivalente al delito de calumnia, la cual est\u00e1 penalizada con dos a\u00f1os de prisi\u00f3n en el actual C\u00f3digo Penal.<\/p>\n<div id=\"attachment_125857\" style=\"width: 460px\" class=\"wp-caption aligncenter\"><img aria-describedby=\"caption-attachment-125857\" loading=\"lazy\" class=\"size-full wp-image-125857\" title=\"Alexis Mera\" src=\"http:\/\/media.ecuadortimes.net\/2013\/08\/alexis-mera-penalizar-injuria-redes-sociales-l1.jpg\" alt=\"Alexis Mera\" width=\"450\" height=\"285\" \/><p id=\"caption-attachment-125857\" class=\"wp-caption-text\">Alexis Mera<\/p><\/div>\n","protected":false},"excerpt":{"rendered":"<p>Debe ser una sanci\u00f3n administrativa (\u00a6) esa conducta no debe ser castigada como delito\u009d, expres\u00f3 el secretario jur\u00eddico de la Presidencia de la Rep\u00fablica, respecto a la penalizaci\u00f3n de la figura del linchamiento medi\u00e1tico concebida en la Ley Org\u00e1nica de Comunicaci\u00f3n. &#8220;Yo he propuesto que se regule todo lo que sean procesos de calumnia en las redes sociales, porque estas redes no pueden ser un instrumento de impunidad&#8221;, insisti\u00f3 Mera, mientras planteaba algunas ideas para el nuevo C\u00f3digo Integral Penal, el cual es desarrollado por la Comisi\u00f3n de Justicia de la Asamblea Nacional. Mera asegura que la sanci\u00f3n &#8220;por injuriar en redes&#8221; debe ser equivalente al delito de calumnia, la cual est\u00e1 penalizada con dos a\u00f1os de prisi\u00f3n en el actual C\u00f3digo Penal.<\/p>\n","protected":false},"author":1,"featured_media":220601,"comment_status":"open","ping_status":"open","sticky":false,"template":"","format":"standard","meta":[],"categories":[40,37],"tags":[],"_links":{"self":[{"href":"https:\/\/www.ecuadortimes.net\/es\/wp-json\/wp\/v2\/posts\/220600"}],"collection":[{"href":"https:\/\/www.ecuadortimes.net\/es\/wp-json\/wp\/v2\/posts"}],"about":[{"href":"https:\/\/www.ecuadortimes.net\/es\/wp-json\/wp\/v2\/types\/post"}],"author":[{"embeddable":true,"href":"https:\/\/www.ecuadortimes.net\/es\/wp-json\/wp\/v2\/users\/1"}],"replies":[{"embeddable":true,"href":"https:\/\/www.ecuadortimes.net\/es\/wp-json\/wp\/v2\/comments?post=220600"}],"version-history":[{"count":0,"href":"https:\/\/www.ecuadortimes.net\/es\/wp-json\/wp\/v2\/posts\/220600\/revisions"}],"wp:featuredmedia":[{"embeddable":true,"href":"https:\/\/www.ecuadortimes.net\/es\/wp-json\/wp\/v2\/media\/220601"}],"wp:attachment":[{"href":"https:\/\/www.ecuadortimes.net\/es\/wp-json\/wp\/v2\/media?parent=220600"}],"wp:term":[{"taxonomy":"category","embeddable":true,"href":"https:\/\/www.ecuadortimes.net\/es\/wp-json\/wp\/v2\/categories?post=220600"},{"taxonomy":"post_tag","embeddable":true,"href":"https:\/\/www.ecuadortimes.net\/es\/wp-json\/wp\/v2\/tags?post=220600"}],"curies":[{"name":"wp","href":"https:\/\/api.w.org\/{rel}","templated":true}]}}