{"id":220604,"date":"2013-08-29T00:00:00","date_gmt":"2013-08-29T00:00:00","guid":{"rendered":"https:\/\/www.ecuadortimes.net\/es\/vision-de-martin-luther-king-no-esta-completa-dice-obama\/"},"modified":"2013-08-29T00:00:00","modified_gmt":"2013-08-29T00:00:00","slug":"vision-de-martin-luther-king-no-esta-completa-dice-obama","status":"publish","type":"post","link":"https:\/\/www.ecuadortimes.net\/es\/vision-de-martin-luther-king-no-esta-completa-dice-obama\/","title":{"rendered":"Visi\u00f3n de Martin Luther King no est\u00e1 completa, dice Obama"},"content":{"rendered":"<div id=\"attachment_125874\" style=\"width: 310px\" class=\"wp-caption alignleft\"><img aria-describedby=\"caption-attachment-125874\" loading=\"lazy\" class=\"size-medium wp-image-125874\" title=\"Barack Obama conmemora los 50 a\u00f1os del discurso &quot;Tengo un sue\u00f1o&quot; de Martin Luther King\" src=\"http:\/\/media.ecuadortimes.net\/2013\/08\/Barack-Obama-talks-about-Martin-Luther-King-vision1-300x168.jpeg\" alt=\"Barack Obama conmemora los 50 a\u00f1os del discurso &quot;Tengo un sue\u00f1o&quot; de Martin Luther King\" width=\"300\" height=\"168\" \/><p id=\"caption-attachment-125874\" class=\"wp-caption-text\">Barack Obama conmemora los 50 a\u00f1os del discurso &#8220;Tengo un sue\u00f1o&#8221; de Martin Luther King<\/p><\/div>\n<p>El presidente de Estados Unidos dijo que el <strong><em>sue\u00f1o<\/em><\/strong>&#8221; parece a\u00fan m\u00e1s dif\u00edcil de alcanzar que hace 50 a\u00f1os, pues advirti\u00f3 que la brecha racial contin\u00faa sobre todo cuando se trata de distribuir riquezas.<\/p>\n<p><strong><em>La sombra de la pobreza arroja una sombra sobre nuestra juventud<\/em><\/strong>\u009d en muchas comunidades del pa\u00eds, dijo Obama en su intervenci\u00f3n para celebrar los 50 a\u00f1os del famoso discurso <strong><em>I have a dream<\/em><\/strong>\u009d (Tengo un sue\u00f1o) pronunciado por King en la marcha por los empleos y la libertad en Washington.<\/p>\n<p><strong><em>Durante m\u00e1s de una d\u00e9cada los trabajadores estadounidenses de todas las razas han visto estancarse sus salarios e ingresos. A pesar de que los beneficios empresariales se han disparado, as\u00ed como los pagos a unos pocos afortunados, la desigualdad ha aumentado de manera constante<\/em><\/strong>\u009d, indic\u00f3 el presidente.<\/p>\n<p>Por estas razones Obama cree que la <strong><em>gran asignatura pendiente<\/em><\/strong>\u009d en la actualidad es asegurarse que el sistema econ\u00f3mico de Estados Unidos de <strong><em>una oportunidad justa para la mayor\u00eda<\/em><\/strong>\u009d, asegur\u00f3 que dicha tarea <strong><em>no ser\u00e1 f\u00e1cil<\/em><\/strong>\u009d.<\/p>\n","protected":false},"excerpt":{"rendered":"<p>El presidente de Estados Unidos dijo que el sue\u00f1o&#8221; parece a\u00fan m\u00e1s dif\u00edcil de alcanzar que hace 50 a\u00f1os, pues advirti\u00f3 que la brecha racial contin\u00faa sobre todo cuando se trata de distribuir riquezas. La sombra de la pobreza arroja una sombra sobre nuestra juventud\u009d en muchas comunidades del pa\u00eds, dijo Obama en su intervenci\u00f3n para celebrar los 50 a\u00f1os del famoso discurso I have a dream\u009d (Tengo un sue\u00f1o) pronunciado por King en la marcha por los empleos y la libertad en Washington. Durante m\u00e1s de una d\u00e9cada los trabajadores estadounidenses de todas las razas han visto estancarse sus salarios e ingresos. A pesar de que los beneficios empresariales se han disparado, as\u00ed como los pagos a unos pocos afortunados, la desigualdad ha aumentado de manera constante\u009d, indic\u00f3 el presidente. Por estas razones Obama cree que la gran asignatura pendiente\u009d en la actualidad es asegurarse que el sistema econ\u00f3mico de Estados Unidos de una oportunidad justa para la mayor\u00eda\u009d, asegur\u00f3 que dicha tarea no ser\u00e1 f\u00e1cil\u009d.<\/p>\n","protected":false},"author":1,"featured_media":220605,"comment_status":"open","ping_status":"open","sticky":false,"template":"","format":"standard","meta":[],"categories":[34,37],"tags":[],"_links":{"self":[{"href":"https:\/\/www.ecuadortimes.net\/es\/wp-json\/wp\/v2\/posts\/220604"}],"collection":[{"href":"https:\/\/www.ecuadortimes.net\/es\/wp-json\/wp\/v2\/posts"}],"about":[{"href":"https:\/\/www.ecuadortimes.net\/es\/wp-json\/wp\/v2\/types\/post"}],"author":[{"embeddable":true,"href":"https:\/\/www.ecuadortimes.net\/es\/wp-json\/wp\/v2\/users\/1"}],"replies":[{"embeddable":true,"href":"https:\/\/www.ecuadortimes.net\/es\/wp-json\/wp\/v2\/comments?post=220604"}],"version-history":[{"count":0,"href":"https:\/\/www.ecuadortimes.net\/es\/wp-json\/wp\/v2\/posts\/220604\/revisions"}],"wp:featuredmedia":[{"embeddable":true,"href":"https:\/\/www.ecuadortimes.net\/es\/wp-json\/wp\/v2\/media\/220605"}],"wp:attachment":[{"href":"https:\/\/www.ecuadortimes.net\/es\/wp-json\/wp\/v2\/media?parent=220604"}],"wp:term":[{"taxonomy":"category","embeddable":true,"href":"https:\/\/www.ecuadortimes.net\/es\/wp-json\/wp\/v2\/categories?post=220604"},{"taxonomy":"post_tag","embeddable":true,"href":"https:\/\/www.ecuadortimes.net\/es\/wp-json\/wp\/v2\/tags?post=220604"}],"curies":[{"name":"wp","href":"https:\/\/api.w.org\/{rel}","templated":true}]}}