{"id":220631,"date":"2013-08-30T00:00:00","date_gmt":"2013-08-30T00:00:00","guid":{"rendered":"https:\/\/www.ecuadortimes.net\/es\/futbol-nacional-de-luto-dirigente-deportiva-es-asesinada\/"},"modified":"2013-08-30T00:00:00","modified_gmt":"2013-08-30T00:00:00","slug":"futbol-nacional-de-luto-dirigente-deportiva-es-asesinada","status":"publish","type":"post","link":"https:\/\/www.ecuadortimes.net\/es\/futbol-nacional-de-luto-dirigente-deportiva-es-asesinada\/","title":{"rendered":"F\u00fatbol nacional de luto; dirigente deportiva es asesinada"},"content":{"rendered":"<p><strong>M\u00f3nica Gord\u00f3n, de 39 a\u00f1os, candidata a la presidencia del equipo de f\u00fatbol Aucas, fue asesinada ayer en su oficina alrededor de las 08:00, en presencia de sus dos hijos y su padre, Ramiro Gord\u00f3n, administrador del equipo quite\u00f1o.<\/strong><\/p>\n<div id=\"attachment_126059\" style=\"width: 510px\" class=\"wp-caption aligncenter\"><img aria-describedby=\"caption-attachment-126059\" loading=\"lazy\" class=\"size-full wp-image-126059\" title=\"Miembros del departamento policial de Homicidios llevan el cuerpo de M\u00f3nica Gord\u00f3n.\" src=\"http:\/\/media.ecuadortimes.net\/2013\/08\/monica-gordon-asesinada-aucas-l11.jpg\" alt=\"Miembros del departamento policial de Homicidios llevan el cuerpo de M\u00f3nica Gord\u00f3n.\" width=\"500\" height=\"314\" \/><p id=\"caption-attachment-126059\" class=\"wp-caption-text\">Miembros del departamento policial de Homicidios llevan el cuerpo de M\u00f3nica Gord\u00f3n.<\/p><\/div>\n<p>Seg\u00fan informaci\u00f3n de la Brigada de Homicidios de la Polic\u00eda Nacional, Gord\u00f3n tiene un orificio similar al producido por el paso de un proyectil de arma de fuego, a la altura de la regi\u00f3n mamaria derecha\u009d.<\/p>\n<p>El padre de la v\u00edctima asegur\u00f3 que tiene identificado al autor de los impactos de bala, quien habr\u00eda dicho: te toca a vos. Esto es honor al Aucas\u009d, al momento de dispararle. As\u00ed mismo, el administrador del Aucas anunci\u00f3 su renuncia.<\/p>\n<div id=\"attachment_126061\" style=\"width: 510px\" class=\"wp-caption aligncenter\"><img aria-describedby=\"caption-attachment-126061\" loading=\"lazy\" class=\"size-full wp-image-126061\" title=\"Ramiro Gord\u00f3n, padre de la v\u00edctima.\" src=\"http:\/\/media.ecuadortimes.net\/2013\/08\/monica-gordon-asesinada-aucas-l21.jpg\" alt=\"Ramiro Gord\u00f3n, padre de la v\u00edctima.\" width=\"500\" height=\"338\" \/><p id=\"caption-attachment-126061\" class=\"wp-caption-text\">Ramiro Gord\u00f3n, padre de la v\u00edctima.<\/p><\/div>\n<p>M\u00f3nica Gord\u00f3n es velada en Jardines de Santa Rosa, Quito. Su sepelio es a las 17:00 de hoy, en el mismo camposanto. Solo se permitir\u00e1 el ingreso a sus familiares.<\/p>\n","protected":false},"excerpt":{"rendered":"<p>M\u00f3nica Gord\u00f3n, de 39 a\u00f1os, candidata a la presidencia del equipo de f\u00fatbol Aucas, fue asesinada ayer en su oficina alrededor de las 08:00, en presencia de sus dos hijos y su padre, Ramiro Gord\u00f3n, administrador del equipo quite\u00f1o. Seg\u00fan informaci\u00f3n de la Brigada de Homicidios de la Polic\u00eda Nacional, Gord\u00f3n tiene un orificio similar al producido por el paso de un proyectil de arma de fuego, a la altura de la regi\u00f3n mamaria derecha\u009d. El padre de la v\u00edctima asegur\u00f3 que tiene identificado al autor de los impactos de bala, quien habr\u00eda dicho: te toca a vos. Esto es honor al Aucas\u009d, al momento de dispararle. As\u00ed mismo, el administrador del Aucas anunci\u00f3 su renuncia. M\u00f3nica Gord\u00f3n es velada en Jardines de Santa Rosa, Quito. Su sepelio es a las 17:00 de hoy, en el mismo camposanto. Solo se permitir\u00e1 el ingreso a sus familiares.<\/p>\n","protected":false},"author":1,"featured_media":220632,"comment_status":"open","ping_status":"open","sticky":false,"template":"","format":"standard","meta":[],"categories":[38,37],"tags":[],"_links":{"self":[{"href":"https:\/\/www.ecuadortimes.net\/es\/wp-json\/wp\/v2\/posts\/220631"}],"collection":[{"href":"https:\/\/www.ecuadortimes.net\/es\/wp-json\/wp\/v2\/posts"}],"about":[{"href":"https:\/\/www.ecuadortimes.net\/es\/wp-json\/wp\/v2\/types\/post"}],"author":[{"embeddable":true,"href":"https:\/\/www.ecuadortimes.net\/es\/wp-json\/wp\/v2\/users\/1"}],"replies":[{"embeddable":true,"href":"https:\/\/www.ecuadortimes.net\/es\/wp-json\/wp\/v2\/comments?post=220631"}],"version-history":[{"count":0,"href":"https:\/\/www.ecuadortimes.net\/es\/wp-json\/wp\/v2\/posts\/220631\/revisions"}],"wp:featuredmedia":[{"embeddable":true,"href":"https:\/\/www.ecuadortimes.net\/es\/wp-json\/wp\/v2\/media\/220632"}],"wp:attachment":[{"href":"https:\/\/www.ecuadortimes.net\/es\/wp-json\/wp\/v2\/media?parent=220631"}],"wp:term":[{"taxonomy":"category","embeddable":true,"href":"https:\/\/www.ecuadortimes.net\/es\/wp-json\/wp\/v2\/categories?post=220631"},{"taxonomy":"post_tag","embeddable":true,"href":"https:\/\/www.ecuadortimes.net\/es\/wp-json\/wp\/v2\/tags?post=220631"}],"curies":[{"name":"wp","href":"https:\/\/api.w.org\/{rel}","templated":true}]}}