{"id":220639,"date":"2013-08-31T00:00:00","date_gmt":"2013-08-31T00:00:00","guid":{"rendered":"https:\/\/www.ecuadortimes.net\/es\/oficialismo-define-como-explotar-el-yasuni\/"},"modified":"2013-08-31T00:00:00","modified_gmt":"2013-08-31T00:00:00","slug":"oficialismo-define-como-explotar-el-yasuni","status":"publish","type":"post","link":"https:\/\/www.ecuadortimes.net\/es\/oficialismo-define-como-explotar-el-yasuni\/","title":{"rendered":"Oficialismo define c\u00f3mo explotar el Yasun\u00ed"},"content":{"rendered":"<div id=\"attachment_126100\" style=\"width: 310px\" class=\"wp-caption alignright\"><img aria-describedby=\"caption-attachment-126100\" loading=\"lazy\" class=\"size-medium wp-image-126100\" title=\"Jorge Glas y la explotaci\u00f3n del Yasun\u00ed\" src=\"http:\/\/media.ecuadortimes.net\/2013\/08\/Jorge-Glas-on-Yasuni3-300x225.jpg\" alt=\"Jorge Glas y la explotaci\u00f3n del Yasun\u00ed\" width=\"300\" height=\"225\" \/><p id=\"caption-attachment-126100\" class=\"wp-caption-text\">Jorge Glas y la explotaci\u00f3n del Yasun\u00ed<\/p><\/div>\n<p>La bancada asamble\u00edsta de Alianza PAIS se reuni\u00f3 ayer con el vicepresidente Jorge Glas y varios ministros de Estado para analizar el pedido presidencial a la Asamblea para que declare de inter\u00e9s nacional a los bloques 31 y 43 del ITT, ubicados en el Parque Nacional Yasun\u00ed, a fin de que se inicie la explotaci\u00f3n petrolera.<\/p>\n<p>Trataron varios temas, como \u00bfQu\u00e9 se va a hacer si al momento de la explotaci\u00f3n reaparecen los pueblos no contactados en la zona? Y aunque un informe del Ministerio de Justicia descarta la presencia de los pueblos no contactados en la zona, la propuesta es que cuando se autorice explotar, quede expl\u00edcito el hecho de que si es que aparecen, por calidad de n\u00f3madas o en uso de zonas de tr\u00e1nsito, se suspender\u00e1 inmediatamente la actividad petrolera.<\/p>\n<p>Se busca blindar todo lo que se pueda (a los pueblos no contactados), seg\u00fan la asamble\u00edsta Mar\u00eda Carri\u00f3n, quien considera que poner esta aclaraci\u00f3n en el documento para la declaratoria de inter\u00e9s nacional, dar\u00e1 tranquilidad\u009d no solo de los asamble\u00edstas, sino a la comunidad ecuatoriana.<\/p>\n<p>El vicepresidente Jorge Glas reiter\u00f3 que si los grupos que promueven la consulta popular logran reunir las 600 000 firmas que se requiere para su convocatoria, se deber\u00e1 hacerla, porque es un derecho.<\/p>\n","protected":false},"excerpt":{"rendered":"<p>La bancada asamble\u00edsta de Alianza PAIS se reuni\u00f3 ayer con el vicepresidente Jorge Glas y varios ministros de Estado para analizar el pedido presidencial a la Asamblea para que declare de inter\u00e9s nacional a los bloques 31 y 43 del ITT, ubicados en el Parque Nacional Yasun\u00ed, a fin de que se inicie la explotaci\u00f3n petrolera. Trataron varios temas, como \u00bfQu\u00e9 se va a hacer si al momento de la explotaci\u00f3n reaparecen los pueblos no contactados en la zona? Y aunque un informe del Ministerio de Justicia descarta la presencia de los pueblos no contactados en la zona, la propuesta es que cuando se autorice explotar, quede expl\u00edcito el hecho de que si es que aparecen, por calidad de n\u00f3madas o en uso de zonas de tr\u00e1nsito, se suspender\u00e1 inmediatamente la actividad petrolera. Se busca blindar todo lo que se pueda (a los pueblos no contactados), seg\u00fan la asamble\u00edsta Mar\u00eda Carri\u00f3n, quien considera que poner esta aclaraci\u00f3n en el documento para la declaratoria de inter\u00e9s nacional, dar\u00e1 tranquilidad\u009d no solo de los asamble\u00edstas, sino a la comunidad ecuatoriana. El vicepresidente Jorge Glas reiter\u00f3 que si los grupos que promueven la consulta popular logran reunir las 600 000 firmas que se requiere para su convocatoria, se deber\u00e1 hacerla, porque es un derecho.<\/p>\n","protected":false},"author":1,"featured_media":220640,"comment_status":"open","ping_status":"open","sticky":false,"template":"","format":"standard","meta":[],"categories":[40,37],"tags":[],"_links":{"self":[{"href":"https:\/\/www.ecuadortimes.net\/es\/wp-json\/wp\/v2\/posts\/220639"}],"collection":[{"href":"https:\/\/www.ecuadortimes.net\/es\/wp-json\/wp\/v2\/posts"}],"about":[{"href":"https:\/\/www.ecuadortimes.net\/es\/wp-json\/wp\/v2\/types\/post"}],"author":[{"embeddable":true,"href":"https:\/\/www.ecuadortimes.net\/es\/wp-json\/wp\/v2\/users\/1"}],"replies":[{"embeddable":true,"href":"https:\/\/www.ecuadortimes.net\/es\/wp-json\/wp\/v2\/comments?post=220639"}],"version-history":[{"count":0,"href":"https:\/\/www.ecuadortimes.net\/es\/wp-json\/wp\/v2\/posts\/220639\/revisions"}],"wp:featuredmedia":[{"embeddable":true,"href":"https:\/\/www.ecuadortimes.net\/es\/wp-json\/wp\/v2\/media\/220640"}],"wp:attachment":[{"href":"https:\/\/www.ecuadortimes.net\/es\/wp-json\/wp\/v2\/media?parent=220639"}],"wp:term":[{"taxonomy":"category","embeddable":true,"href":"https:\/\/www.ecuadortimes.net\/es\/wp-json\/wp\/v2\/categories?post=220639"},{"taxonomy":"post_tag","embeddable":true,"href":"https:\/\/www.ecuadortimes.net\/es\/wp-json\/wp\/v2\/tags?post=220639"}],"curies":[{"name":"wp","href":"https:\/\/api.w.org\/{rel}","templated":true}]}}