{"id":220645,"date":"2013-09-01T00:00:00","date_gmt":"2013-09-01T00:00:00","guid":{"rendered":"https:\/\/www.ecuadortimes.net\/es\/correa-insiste-en-que-lo-mejor-es-hacer-un-nuevo-puerto\/"},"modified":"2013-09-01T00:00:00","modified_gmt":"2013-09-01T00:00:00","slug":"correa-insiste-en-que-lo-mejor-es-hacer-un-nuevo-puerto","status":"publish","type":"post","link":"https:\/\/www.ecuadortimes.net\/es\/correa-insiste-en-que-lo-mejor-es-hacer-un-nuevo-puerto\/","title":{"rendered":"Correa insiste en que lo mejor es hacer un nuevo puerto"},"content":{"rendered":"<div id=\"attachment_126127\" style=\"width: 310px\" class=\"wp-caption alignleft\"><img aria-describedby=\"caption-attachment-126127\" loading=\"lazy\" class=\"size-medium wp-image-126127\" title=\"Puerto de Guayaquil\" src=\"http:\/\/media.ecuadortimes.net\/2013\/09\/Guayaquil-port1-300x200.jpg\" alt=\"Puerto de Guayaquil\" width=\"300\" height=\"200\" \/><p id=\"caption-attachment-126127\" class=\"wp-caption-text\">Puerto de Guayaquil<\/p><\/div>\n<p>El presidente de la Rep\u00fablica, Rafael Correa, reiter\u00f3 ayer que lo que mas conviene al pa\u00eds, econ\u00f3mica y t\u00e9cnicamente, no es tratar de aumentar el calado en el Puerto de Guayaquil, sino hacer uno nuevo a la entrada del Golfo, donde hay un calado natural de 15 metros.<\/p>\n<p>Ayer, en su informe al pa\u00eds desde el barrio de Atucucho, en el noroccidente de la capital, el Presidente dijo si quiere dragar, drague se\u00f1or Nebot, pero ya no me venga con tanto merecumb\u00e9, con tanto quiebrecito de cintura. Dijo que iba a dragar, drague. Estamos esperando que drague. S\u00ed ven cu\u00e1nto comunicado, cu\u00e1nta explicaci\u00f3n, condicionamientos, bla, bla, bla, bla, ya saben que se metieron a un buen l\u00edo\u009d. Reiter\u00f3 que el Gobierno va a construir un puerto de aguas profundas, en el tramo de Posorja a Chanduy.<\/p>\n<p>El Presidente Correa y el alcalde de Guayaquil, Jaime Nebot, mantienen una discrepancia desde hace varias semanas en torno al planteamiento del gobierno de construir un nuevo puerto mar\u00edtimo de aguas profundas, en un sitio apropiado entre Porsorja y Chanduy, lo que el Alcalde ha calificado de ser contrario a los intereses de Guayaquil y su tradici\u00f3n portuaria. Nebot ha contestado varias veces al presidente con amorfinos jocosos.<\/p>\n","protected":false},"excerpt":{"rendered":"<p>El presidente de la Rep\u00fablica, Rafael Correa, reiter\u00f3 ayer que lo que mas conviene al pa\u00eds, econ\u00f3mica y t\u00e9cnicamente, no es tratar de aumentar el calado en el Puerto de Guayaquil, sino hacer uno nuevo a la entrada del Golfo, donde hay un calado natural de 15 metros. Ayer, en su informe al pa\u00eds desde el barrio de Atucucho, en el noroccidente de la capital, el Presidente dijo si quiere dragar, drague se\u00f1or Nebot, pero ya no me venga con tanto merecumb\u00e9, con tanto quiebrecito de cintura. Dijo que iba a dragar, drague. Estamos esperando que drague. S\u00ed ven cu\u00e1nto comunicado, cu\u00e1nta explicaci\u00f3n, condicionamientos, bla, bla, bla, bla, ya saben que se metieron a un buen l\u00edo\u009d. Reiter\u00f3 que el Gobierno va a construir un puerto de aguas profundas, en el tramo de Posorja a Chanduy. El Presidente Correa y el alcalde de Guayaquil, Jaime Nebot, mantienen una discrepancia desde hace varias semanas en torno al planteamiento del gobierno de construir un nuevo puerto mar\u00edtimo de aguas profundas, en un sitio apropiado entre Porsorja y Chanduy, lo que el Alcalde ha calificado de ser contrario a los intereses de Guayaquil y su tradici\u00f3n portuaria. Nebot ha contestado varias veces al presidente con amorfinos jocosos.<\/p>\n","protected":false},"author":1,"featured_media":220646,"comment_status":"open","ping_status":"open","sticky":false,"template":"","format":"standard","meta":[],"categories":[40,37],"tags":[],"_links":{"self":[{"href":"https:\/\/www.ecuadortimes.net\/es\/wp-json\/wp\/v2\/posts\/220645"}],"collection":[{"href":"https:\/\/www.ecuadortimes.net\/es\/wp-json\/wp\/v2\/posts"}],"about":[{"href":"https:\/\/www.ecuadortimes.net\/es\/wp-json\/wp\/v2\/types\/post"}],"author":[{"embeddable":true,"href":"https:\/\/www.ecuadortimes.net\/es\/wp-json\/wp\/v2\/users\/1"}],"replies":[{"embeddable":true,"href":"https:\/\/www.ecuadortimes.net\/es\/wp-json\/wp\/v2\/comments?post=220645"}],"version-history":[{"count":0,"href":"https:\/\/www.ecuadortimes.net\/es\/wp-json\/wp\/v2\/posts\/220645\/revisions"}],"wp:featuredmedia":[{"embeddable":true,"href":"https:\/\/www.ecuadortimes.net\/es\/wp-json\/wp\/v2\/media\/220646"}],"wp:attachment":[{"href":"https:\/\/www.ecuadortimes.net\/es\/wp-json\/wp\/v2\/media?parent=220645"}],"wp:term":[{"taxonomy":"category","embeddable":true,"href":"https:\/\/www.ecuadortimes.net\/es\/wp-json\/wp\/v2\/categories?post=220645"},{"taxonomy":"post_tag","embeddable":true,"href":"https:\/\/www.ecuadortimes.net\/es\/wp-json\/wp\/v2\/tags?post=220645"}],"curies":[{"name":"wp","href":"https:\/\/api.w.org\/{rel}","templated":true}]}}