{"id":220647,"date":"2013-09-01T00:00:00","date_gmt":"2013-09-01T00:00:00","guid":{"rendered":"https:\/\/www.ecuadortimes.net\/es\/relaciones-laborales-dispondra-pago-de-utilidades-a-trabajadores-de-ecudos\/"},"modified":"2013-09-01T00:00:00","modified_gmt":"2013-09-01T00:00:00","slug":"relaciones-laborales-dispondra-pago-de-utilidades-a-trabajadores-de-ecudos","status":"publish","type":"post","link":"https:\/\/www.ecuadortimes.net\/es\/relaciones-laborales-dispondra-pago-de-utilidades-a-trabajadores-de-ecudos\/","title":{"rendered":"Relaciones Laborales dispondr\u00e1 pago de utilidades a trabajadores de Ecudos"},"content":{"rendered":"<div id=\"attachment_126135\" style=\"width: 310px\" class=\"wp-caption alignright\"><img aria-describedby=\"caption-attachment-126135\" loading=\"lazy\" class=\"size-medium wp-image-126135\" title=\"Correa habla de Ecudos desde Atacucho\" src=\"http:\/\/media.ecuadortimes.net\/2013\/09\/Correa-in-Atacucho3-300x225.jpg\" alt=\"Correa habla de Ecudos desde Atacucho\" width=\"300\" height=\"225\" \/><p id=\"caption-attachment-126135\" class=\"wp-caption-text\">Correa habla de Ecudos desde Atacucho<\/p><\/div>\n<p>Si es que no paga la empresa, ma\u00f1ana el Ministerio de Relaciones Laborales, bajo amenaza de coactiva, ordenar\u00e1 pagar las utilidades a los trabajadores del ingenio Ecudos, asegur\u00f3 el presidente de la rep\u00fablica, Rafael Correa, ayer en su enlace de los s\u00e1bados desde el barrio de Atucucho, en el noroccidente de la capital.<\/p>\n<p>Sobre la paralizaci\u00f3n de actividades en ese ingenio, desde el pasado 14 de agosto, seg\u00fan Correa hay culpas compartidas entre los Isa\u00edas; los due\u00f1os de la compa\u00f1\u00eda, por una deuda ficticia para enga\u00f1ar al fisco, lo que lo calific\u00f3 de una manipulaci\u00f3n realizada por abogados pillos del MPD; el Ministerio de Relaciones Laborales, por derogar la orden de pago de utilidades; y la prudencia que ha guardado la empresa debido a que una cl\u00e1usula contractual estipula que solo se repondr\u00e1n los pagos bajo sentencia ejecutoriada.<\/p>\n<p>El Servicio de Rentas Internas (SRI), hizo una auditor\u00eda y demostr\u00f3 que ten\u00eda que pagarse a los trabajadores desde el 2004 al 2009, cerca de $ 2,7 millones, eso no est\u00e1 en discusi\u00f3n, asever\u00f3 y calific\u00f3 de innecesaria la huelga, a la vez que se\u00f1al\u00f3 que va a pedir informaci\u00f3n sobre el cr\u00e9dito otorgado para la compra del ingenio azucarero y acerca del ofrecimiento de adquisici\u00f3n de acciones a los trabajadores, que aun no se concreta. Yo juraba que ya ten\u00edan esas acciones, no las tienen. Esto s\u00ed me tiene muy molesto\u009d, manifest\u00f3 el primer mandatario sobre el ofrecimiento a los trabajadores.<\/p>\n","protected":false},"excerpt":{"rendered":"<p>Si es que no paga la empresa, ma\u00f1ana el Ministerio de Relaciones Laborales, bajo amenaza de coactiva, ordenar\u00e1 pagar las utilidades a los trabajadores del ingenio Ecudos, asegur\u00f3 el presidente de la rep\u00fablica, Rafael Correa, ayer en su enlace de los s\u00e1bados desde el barrio de Atucucho, en el noroccidente de la capital. Sobre la paralizaci\u00f3n de actividades en ese ingenio, desde el pasado 14 de agosto, seg\u00fan Correa hay culpas compartidas entre los Isa\u00edas; los due\u00f1os de la compa\u00f1\u00eda, por una deuda ficticia para enga\u00f1ar al fisco, lo que lo calific\u00f3 de una manipulaci\u00f3n realizada por abogados pillos del MPD; el Ministerio de Relaciones Laborales, por derogar la orden de pago de utilidades; y la prudencia que ha guardado la empresa debido a que una cl\u00e1usula contractual estipula que solo se repondr\u00e1n los pagos bajo sentencia ejecutoriada. El Servicio de Rentas Internas (SRI), hizo una auditor\u00eda y demostr\u00f3 que ten\u00eda que pagarse a los trabajadores desde el 2004 al 2009, cerca de $ 2,7 millones, eso no est\u00e1 en discusi\u00f3n, asever\u00f3 y calific\u00f3 de innecesaria la huelga, a la vez que se\u00f1al\u00f3 que va a pedir informaci\u00f3n sobre el cr\u00e9dito otorgado para la compra del ingenio azucarero y acerca del ofrecimiento de adquisici\u00f3n de acciones a los trabajadores, que aun no se concreta. Yo juraba que ya ten\u00edan esas acciones, no las tienen. Esto s\u00ed me tiene muy molesto\u009d, manifest\u00f3 el primer mandatario sobre el ofrecimiento a los trabajadores.<\/p>\n","protected":false},"author":1,"featured_media":220648,"comment_status":"open","ping_status":"open","sticky":false,"template":"","format":"standard","meta":[],"categories":[43,37],"tags":[],"_links":{"self":[{"href":"https:\/\/www.ecuadortimes.net\/es\/wp-json\/wp\/v2\/posts\/220647"}],"collection":[{"href":"https:\/\/www.ecuadortimes.net\/es\/wp-json\/wp\/v2\/posts"}],"about":[{"href":"https:\/\/www.ecuadortimes.net\/es\/wp-json\/wp\/v2\/types\/post"}],"author":[{"embeddable":true,"href":"https:\/\/www.ecuadortimes.net\/es\/wp-json\/wp\/v2\/users\/1"}],"replies":[{"embeddable":true,"href":"https:\/\/www.ecuadortimes.net\/es\/wp-json\/wp\/v2\/comments?post=220647"}],"version-history":[{"count":0,"href":"https:\/\/www.ecuadortimes.net\/es\/wp-json\/wp\/v2\/posts\/220647\/revisions"}],"wp:featuredmedia":[{"embeddable":true,"href":"https:\/\/www.ecuadortimes.net\/es\/wp-json\/wp\/v2\/media\/220648"}],"wp:attachment":[{"href":"https:\/\/www.ecuadortimes.net\/es\/wp-json\/wp\/v2\/media?parent=220647"}],"wp:term":[{"taxonomy":"category","embeddable":true,"href":"https:\/\/www.ecuadortimes.net\/es\/wp-json\/wp\/v2\/categories?post=220647"},{"taxonomy":"post_tag","embeddable":true,"href":"https:\/\/www.ecuadortimes.net\/es\/wp-json\/wp\/v2\/tags?post=220647"}],"curies":[{"name":"wp","href":"https:\/\/api.w.org\/{rel}","templated":true}]}}