{"id":220649,"date":"2013-09-01T00:00:00","date_gmt":"2013-09-01T00:00:00","guid":{"rendered":"https:\/\/www.ecuadortimes.net\/es\/la-seleccion-es-prioridad-del-futbol-ecuatoriano\/"},"modified":"2013-09-01T00:00:00","modified_gmt":"2013-09-01T00:00:00","slug":"la-seleccion-es-prioridad-del-futbol-ecuatoriano","status":"publish","type":"post","link":"https:\/\/www.ecuadortimes.net\/es\/la-seleccion-es-prioridad-del-futbol-ecuatoriano\/","title":{"rendered":"La selecci\u00f3n es prioridad del f\u00fatbol ecuatoriano"},"content":{"rendered":"<div id=\"attachment_126147\" style=\"width: 310px\" class=\"wp-caption alignleft\"><img aria-describedby=\"caption-attachment-126147\" loading=\"lazy\" class=\"size-medium wp-image-126147\" title=\"Joffre Guerr\u00f3n\" src=\"http:\/\/media.ecuadortimes.net\/2013\/09\/Joffre-Guerron-is-back-in-town5-300x225.jpg\" alt=\"Joffre Guerr\u00f3n\" width=\"300\" height=\"225\" \/><p id=\"caption-attachment-126147\" class=\"wp-caption-text\">Joffre Guerr\u00f3n<\/p><\/div>\n<p>La suspensi\u00f3n del campeonato ecuatoriano de f\u00fatbol a expensas de la participaci\u00f3n de la selecci\u00f3n en las eliminatorias de mundial Brasil 2014 dej\u00f3 este fin de semana solo con encuentros de la serie B a todo un pa\u00eds futbolero a la expectativa de los encuentros Ecuador Colombia el 6 de septiembre en Barranquilla y Ecuador Bolivia el 11, cinco d\u00edas despu\u00e9s, en La Paz.<\/p>\n<p>Mientras tanto, la Tri ya entrena en la Casa de la Selecci\u00f3n, Joffre Guerr\u00f3n lleg\u00f3 ayer a Quito y enseguida se uni\u00f3 al seleccionado de Ecuador, que trabaj\u00f3 con 16 futbolistas. Dinamita, como se conoce a Guerr\u00f3n, fue convocado luego de cerca de dos a\u00f1os de ausencia, lleg\u00f3 procedente de China, donde juega para el Beijing Guoan.<\/p>\n<p>Walter Ayov\u00ed ten\u00eda previsto llegar anoche, mientras que hoy arribar\u00e1n Jefferson Montero, Segundo Castillo y Joao Rojas. Para ma\u00f1ana est\u00e1 programada la llegada de Renato Ibarra, Felipe Caicedo, Cristhian Noboa, Antonio Valencia y Narciso Mina.<\/p>\n<p>El DT Reinaldo Rueda llam\u00f3 de \u00faltima hora al volante de marca Pedro Larrea, de Liga de Loja, y con \u00e9l la n\u00f3mina de convocados aument\u00f3 a 26.<\/p>\n","protected":false},"excerpt":{"rendered":"<p>La suspensi\u00f3n del campeonato ecuatoriano de f\u00fatbol a expensas de la participaci\u00f3n de la selecci\u00f3n en las eliminatorias de mundial Brasil 2014 dej\u00f3 este fin de semana solo con encuentros de la serie B a todo un pa\u00eds futbolero a la expectativa de los encuentros Ecuador Colombia el 6 de septiembre en Barranquilla y Ecuador Bolivia el 11, cinco d\u00edas despu\u00e9s, en La Paz. Mientras tanto, la Tri ya entrena en la Casa de la Selecci\u00f3n, Joffre Guerr\u00f3n lleg\u00f3 ayer a Quito y enseguida se uni\u00f3 al seleccionado de Ecuador, que trabaj\u00f3 con 16 futbolistas. Dinamita, como se conoce a Guerr\u00f3n, fue convocado luego de cerca de dos a\u00f1os de ausencia, lleg\u00f3 procedente de China, donde juega para el Beijing Guoan. Walter Ayov\u00ed ten\u00eda previsto llegar anoche, mientras que hoy arribar\u00e1n Jefferson Montero, Segundo Castillo y Joao Rojas. Para ma\u00f1ana est\u00e1 programada la llegada de Renato Ibarra, Felipe Caicedo, Cristhian Noboa, Antonio Valencia y Narciso Mina. El DT Reinaldo Rueda llam\u00f3 de \u00faltima hora al volante de marca Pedro Larrea, de Liga de Loja, y con \u00e9l la n\u00f3mina de convocados aument\u00f3 a 26.<\/p>\n","protected":false},"author":1,"featured_media":220650,"comment_status":"open","ping_status":"open","sticky":false,"template":"","format":"standard","meta":[],"categories":[38,37],"tags":[],"_links":{"self":[{"href":"https:\/\/www.ecuadortimes.net\/es\/wp-json\/wp\/v2\/posts\/220649"}],"collection":[{"href":"https:\/\/www.ecuadortimes.net\/es\/wp-json\/wp\/v2\/posts"}],"about":[{"href":"https:\/\/www.ecuadortimes.net\/es\/wp-json\/wp\/v2\/types\/post"}],"author":[{"embeddable":true,"href":"https:\/\/www.ecuadortimes.net\/es\/wp-json\/wp\/v2\/users\/1"}],"replies":[{"embeddable":true,"href":"https:\/\/www.ecuadortimes.net\/es\/wp-json\/wp\/v2\/comments?post=220649"}],"version-history":[{"count":0,"href":"https:\/\/www.ecuadortimes.net\/es\/wp-json\/wp\/v2\/posts\/220649\/revisions"}],"wp:featuredmedia":[{"embeddable":true,"href":"https:\/\/www.ecuadortimes.net\/es\/wp-json\/wp\/v2\/media\/220650"}],"wp:attachment":[{"href":"https:\/\/www.ecuadortimes.net\/es\/wp-json\/wp\/v2\/media?parent=220649"}],"wp:term":[{"taxonomy":"category","embeddable":true,"href":"https:\/\/www.ecuadortimes.net\/es\/wp-json\/wp\/v2\/categories?post=220649"},{"taxonomy":"post_tag","embeddable":true,"href":"https:\/\/www.ecuadortimes.net\/es\/wp-json\/wp\/v2\/tags?post=220649"}],"curies":[{"name":"wp","href":"https:\/\/api.w.org\/{rel}","templated":true}]}}