{"id":220657,"date":"2013-09-02T00:00:00","date_gmt":"2013-09-02T00:00:00","guid":{"rendered":"https:\/\/www.ecuadortimes.net\/es\/la-seleccion-inicia-plan-colombia\/"},"modified":"2013-09-02T00:00:00","modified_gmt":"2013-09-02T00:00:00","slug":"la-seleccion-inicia-plan-colombia","status":"publish","type":"post","link":"https:\/\/www.ecuadortimes.net\/es\/la-seleccion-inicia-plan-colombia\/","title":{"rendered":"La Selecci\u00f3n inicia &#8220;Plan Colombia&#8221;"},"content":{"rendered":"<p><a href=\"http:\/\/www.ecuadortimes.net\/es\/2013\/09\/02\/la-seleccion-inicia-plan-colombia\/seleccion-4\/\" rel=\"attachment wp-att-126276\"><img loading=\"lazy\" class=\"alignleft size-full wp-image-126276\" title=\"seleccion\" src=\"http:\/\/media.ecuadortimes.net\/2013\/09\/seleccion.jpg\" alt=\"\" width=\"340\" height=\"256\" \/><\/a>Con plantel casi completo, una vez que llegaron algunos de sus jugadores que militan en clubes del extranjero, la Tri inici\u00f3 su preparaci\u00f3n para enfrentar a Colombia el pr\u00f3ximo viernes en la caliente y h\u00fameda Barranquilla.<\/p>\n<p>Al mismo tiempo, el cuerpo t\u00e9cnico, dirigido por Reinaldo Rueda, elabora un plan para, cuatro d\u00edas despu\u00e9s, enfrentar a Bolivia en la altura de La Paz.<\/p>\n<p>Joffre Guerr\u00f3n (China), Walter Ayov\u00ed y Jefferson Montero (M\u00e9xico) llegaron el s\u00e1bado y ayer ya entrenaron con sus compa\u00f1eros que juegan en el campeonato ecuatoriano de f\u00fatbol. Ayer arribaron Segundo Castillo y Joao Rojas de tierra azteca; y hoy llegar\u00e1n Felipe Caicedo y Christian Noboa (Rusia); Renato Ibarra (Holanda) y Narciso Mina (M\u00e9xico).<\/p>\n<p>Ma\u00f1ana ser\u00e1 el primer entrenamiento con todos los seleccionados y el mi\u00e9rcoles viajar\u00e1 en vuelo ch\u00e1rter a\u00a0 Barranquilla; el jueves har\u00e1 el reconocimiento de cancha para el viernes jugar el que los ecuatorianos consideran el partido que podr\u00eda, si gana, clasificar a la Tri a Brasil 2014. Las posibilidades seguir\u00e1n intactas si no gana y la esperanza se trasladar\u00e1 al partido con Bolivia el pr\u00f3ximo martes 10.<\/p>\n<p>Ecuador es tercero con 21 puntos mas cinco de gol diferencia, detr\u00e1s de Argentina (26), Colombia (23) y seguido de Chile (21 y 0 de gol diferencia), Uruguay (16-3), Venezuela (16-4).<\/p>\n","protected":false},"excerpt":{"rendered":"<p>Con plantel casi completo, una vez que llegaron algunos de sus jugadores que militan en clubes del extranjero, la Tri inici\u00f3 su preparaci\u00f3n para enfrentar a Colombia el pr\u00f3ximo viernes en la caliente y h\u00fameda Barranquilla. Al mismo tiempo, el cuerpo t\u00e9cnico, dirigido por Reinaldo Rueda, elabora un plan para, cuatro d\u00edas despu\u00e9s, enfrentar a Bolivia en la altura de La Paz. Joffre Guerr\u00f3n (China), Walter Ayov\u00ed y Jefferson Montero (M\u00e9xico) llegaron el s\u00e1bado y ayer ya entrenaron con sus compa\u00f1eros que juegan en el campeonato ecuatoriano de f\u00fatbol. Ayer arribaron Segundo Castillo y Joao Rojas de tierra azteca; y hoy llegar\u00e1n Felipe Caicedo y Christian Noboa (Rusia); Renato Ibarra (Holanda) y Narciso Mina (M\u00e9xico). Ma\u00f1ana ser\u00e1 el primer entrenamiento con todos los seleccionados y el mi\u00e9rcoles viajar\u00e1 en vuelo ch\u00e1rter a\u00a0 Barranquilla; el jueves har\u00e1 el reconocimiento de cancha para el viernes jugar el que los ecuatorianos consideran el partido que podr\u00eda, si gana, clasificar a la Tri a Brasil 2014. Las posibilidades seguir\u00e1n intactas si no gana y la esperanza se trasladar\u00e1 al partido con Bolivia el pr\u00f3ximo martes 10. Ecuador es tercero con 21 puntos mas cinco de gol diferencia, detr\u00e1s de Argentina (26), Colombia (23) y seguido de Chile (21 y 0 de gol diferencia), Uruguay (16-3), Venezuela (16-4).<\/p>\n","protected":false},"author":1,"featured_media":220658,"comment_status":"open","ping_status":"open","sticky":false,"template":"","format":"standard","meta":[],"categories":[38,37],"tags":[],"_links":{"self":[{"href":"https:\/\/www.ecuadortimes.net\/es\/wp-json\/wp\/v2\/posts\/220657"}],"collection":[{"href":"https:\/\/www.ecuadortimes.net\/es\/wp-json\/wp\/v2\/posts"}],"about":[{"href":"https:\/\/www.ecuadortimes.net\/es\/wp-json\/wp\/v2\/types\/post"}],"author":[{"embeddable":true,"href":"https:\/\/www.ecuadortimes.net\/es\/wp-json\/wp\/v2\/users\/1"}],"replies":[{"embeddable":true,"href":"https:\/\/www.ecuadortimes.net\/es\/wp-json\/wp\/v2\/comments?post=220657"}],"version-history":[{"count":0,"href":"https:\/\/www.ecuadortimes.net\/es\/wp-json\/wp\/v2\/posts\/220657\/revisions"}],"wp:featuredmedia":[{"embeddable":true,"href":"https:\/\/www.ecuadortimes.net\/es\/wp-json\/wp\/v2\/media\/220658"}],"wp:attachment":[{"href":"https:\/\/www.ecuadortimes.net\/es\/wp-json\/wp\/v2\/media?parent=220657"}],"wp:term":[{"taxonomy":"category","embeddable":true,"href":"https:\/\/www.ecuadortimes.net\/es\/wp-json\/wp\/v2\/categories?post=220657"},{"taxonomy":"post_tag","embeddable":true,"href":"https:\/\/www.ecuadortimes.net\/es\/wp-json\/wp\/v2\/tags?post=220657"}],"curies":[{"name":"wp","href":"https:\/\/api.w.org\/{rel}","templated":true}]}}