{"id":220659,"date":"2013-09-02T00:00:00","date_gmt":"2013-09-02T00:00:00","guid":{"rendered":"https:\/\/www.ecuadortimes.net\/es\/presidente-correa-critico-fuertemente-a-jaime-guevera\/"},"modified":"2013-09-02T00:00:00","modified_gmt":"2013-09-02T00:00:00","slug":"presidente-correa-critico-fuertemente-a-jaime-guevera","status":"publish","type":"post","link":"https:\/\/www.ecuadortimes.net\/es\/presidente-correa-critico-fuertemente-a-jaime-guevera\/","title":{"rendered":"Presidente Correa critic\u00f3 fuertemente a Jaime Guevera"},"content":{"rendered":"<div id=\"attachment_126183\" style=\"width: 310px\" class=\"wp-caption alignleft\"><img aria-describedby=\"caption-attachment-126183\" loading=\"lazy\" class=\"size-medium wp-image-126183\" title=\"Jaime Guevera\" src=\"http:\/\/media.ecuadortimes.net\/2013\/09\/Jaime-Guevera-insulted-by-the-president3-300x225.jpg\" alt=\"Jaime Guevera\" width=\"300\" height=\"225\" \/><p id=\"caption-attachment-126183\" class=\"wp-caption-text\">Jaime Guevera<\/p><\/div>\n<p><strong>Despu\u00e9s que el l\u00edder del r\u00e9gimen, Rafael Correa, critic\u00f3 duramente al artista popular Jaime Guevara, en las redes sociales, se produjeron reacciones a favor del artista y activista por los derechos humanos.<\/strong><\/p>\n<p>Durante su enlace sabatino, Correa habl\u00f3 del incidente ocurrido el jueves pasado, 29 de agosto, cuando Guevara le hizo una se\u00f1al obscena con la mano.<\/p>\n<p>Correa sugiri\u00f3 que el m\u00fasico estaba drogado y ebrio, acu\u00f1\u00e1ndole adjetivos como <strong>pobre hombre<\/strong>\u009d y reiter\u00f3 que no permitir\u00e1 que se le falte el respeto.<\/p>\n<p>De acuerdo con Guevara, quien padece de ataques de epilepsia, raz\u00f3n por la que es abstemio, asegur\u00f3 en Facebook que ese d\u00eda Correa se baj\u00f3 del auto y le recrimin\u00f3 con insultos, llam\u00e1ndolo <strong>borracho\u009d<\/strong> y <strong>marihuanero\u009d.<\/strong> Despu\u00e9s lo rega\u00f1\u00f3 por enfrentarse con \u00e9l en media calle. <strong>Todo por haber saludado el paso de su &#8220;real diligencia&#8221; como se merec\u00eda luego de haber visto lo que vi, cuando el GOM, GIR, GOE y m\u00e1s especies caninas cargaron con todo y toletes, gas, balas de goma y otros dijes contra la multitud que protestaba por la proyectada masacre del Yasun\u00ed\u009d<\/strong>.<\/p>\n<p>Pedro Restrepo, padre de los desaparecidos hermanos Restrepo, y Alexis Ponce, funcionario del Gobierno, se solidarizaron con Guevara, a quien dijeron conocer y que es activista que sufre de epilepsia y es abstemio. Correa tuite\u00f3: <strong>\u00a1Claro que fue un error&#8230; pero por culpa de \u00e9l! C\u00f3mo saber que tiene problema neurol\u00f3gico? Parec\u00eda alucinado. Para qu\u00e9 insulta?<\/strong><\/p>\n","protected":false},"excerpt":{"rendered":"<p>Despu\u00e9s que el l\u00edder del r\u00e9gimen, Rafael Correa, critic\u00f3 duramente al artista popular Jaime Guevara, en las redes sociales, se produjeron reacciones a favor del artista y activista por los derechos humanos. Durante su enlace sabatino, Correa habl\u00f3 del incidente ocurrido el jueves pasado, 29 de agosto, cuando Guevara le hizo una se\u00f1al obscena con la mano. Correa sugiri\u00f3 que el m\u00fasico estaba drogado y ebrio, acu\u00f1\u00e1ndole adjetivos como pobre hombre\u009d y reiter\u00f3 que no permitir\u00e1 que se le falte el respeto. De acuerdo con Guevara, quien padece de ataques de epilepsia, raz\u00f3n por la que es abstemio, asegur\u00f3 en Facebook que ese d\u00eda Correa se baj\u00f3 del auto y le recrimin\u00f3 con insultos, llam\u00e1ndolo borracho\u009d y marihuanero\u009d. Despu\u00e9s lo rega\u00f1\u00f3 por enfrentarse con \u00e9l en media calle. Todo por haber saludado el paso de su &#8220;real diligencia&#8221; como se merec\u00eda luego de haber visto lo que vi, cuando el GOM, GIR, GOE y m\u00e1s especies caninas cargaron con todo y toletes, gas, balas de goma y otros dijes contra la multitud que protestaba por la proyectada masacre del Yasun\u00ed\u009d. Pedro Restrepo, padre de los desaparecidos hermanos Restrepo, y Alexis Ponce, funcionario del Gobierno, se solidarizaron con Guevara, a quien dijeron conocer y que es activista que sufre de epilepsia y es abstemio. Correa tuite\u00f3: \u00a1Claro que fue un error&#8230; pero por culpa de \u00e9l! C\u00f3mo saber que tiene problema neurol\u00f3gico? Parec\u00eda alucinado. Para qu\u00e9 insulta?<\/p>\n","protected":false},"author":1,"featured_media":220660,"comment_status":"open","ping_status":"open","sticky":false,"template":"","format":"standard","meta":[],"categories":[40,37],"tags":[],"_links":{"self":[{"href":"https:\/\/www.ecuadortimes.net\/es\/wp-json\/wp\/v2\/posts\/220659"}],"collection":[{"href":"https:\/\/www.ecuadortimes.net\/es\/wp-json\/wp\/v2\/posts"}],"about":[{"href":"https:\/\/www.ecuadortimes.net\/es\/wp-json\/wp\/v2\/types\/post"}],"author":[{"embeddable":true,"href":"https:\/\/www.ecuadortimes.net\/es\/wp-json\/wp\/v2\/users\/1"}],"replies":[{"embeddable":true,"href":"https:\/\/www.ecuadortimes.net\/es\/wp-json\/wp\/v2\/comments?post=220659"}],"version-history":[{"count":0,"href":"https:\/\/www.ecuadortimes.net\/es\/wp-json\/wp\/v2\/posts\/220659\/revisions"}],"wp:featuredmedia":[{"embeddable":true,"href":"https:\/\/www.ecuadortimes.net\/es\/wp-json\/wp\/v2\/media\/220660"}],"wp:attachment":[{"href":"https:\/\/www.ecuadortimes.net\/es\/wp-json\/wp\/v2\/media?parent=220659"}],"wp:term":[{"taxonomy":"category","embeddable":true,"href":"https:\/\/www.ecuadortimes.net\/es\/wp-json\/wp\/v2\/categories?post=220659"},{"taxonomy":"post_tag","embeddable":true,"href":"https:\/\/www.ecuadortimes.net\/es\/wp-json\/wp\/v2\/tags?post=220659"}],"curies":[{"name":"wp","href":"https:\/\/api.w.org\/{rel}","templated":true}]}}