{"id":220661,"date":"2013-09-02T00:00:00","date_gmt":"2013-09-02T00:00:00","guid":{"rendered":"https:\/\/www.ecuadortimes.net\/es\/universidad-de-yachay-empezara-a-ensenar-en-el-2014\/"},"modified":"2013-09-02T00:00:00","modified_gmt":"2013-09-02T00:00:00","slug":"universidad-de-yachay-empezara-a-ensenar-en-el-2014","status":"publish","type":"post","link":"https:\/\/www.ecuadortimes.net\/es\/universidad-de-yachay-empezara-a-ensenar-en-el-2014\/","title":{"rendered":"Universidad de Yachay empezar\u00e1 a ense\u00f1ar en el 2014"},"content":{"rendered":"<div id=\"attachment_126191\" style=\"width: 310px\" class=\"wp-caption alignright\"><img aria-describedby=\"caption-attachment-126191\" loading=\"lazy\" class=\"size-medium wp-image-126191\" title=\"Universidad de Yachay en construcci\u00f3n\" src=\"http:\/\/media.ecuadortimes.net\/2013\/09\/University-of-Yachay-under-construction3-300x225.jpg\" alt=\"Universidad de Yachay en construcci\u00f3n\" width=\"300\" height=\"225\" \/><p id=\"caption-attachment-126191\" class=\"wp-caption-text\">Universidad de Yachay en construcci\u00f3n<\/p><\/div>\n<p><strong>La Ciudad del Conocimiento o Universidad Yachay, abrir\u00e1 sus aulas en el primer trimestre del 2014, de acuerdo con el anuncio hecho por H\u00e9ctor Rodr\u00edguez, gerente de la empresa p\u00fablica que la administra.<\/strong><\/p>\n<p>El r\u00e9gimen ha desarrollado la construcci\u00f3n de este complejo en Urcuqu\u00ed, Imbabura, como una de sus bases para conseguir una nueva matriz productiva\u009d. En esta entidad se combinar\u00e1 industria, investigaci\u00f3n y academia.<\/p>\n<p>De acuerdo con Rodr\u00edguez habr\u00e1n carreras como Ciencias de la Vida, Nanociencias, Energ\u00edas Renovables, Nuevas Tecnolog\u00edas de la Informaci\u00f3n y Petroqu\u00edmica, entre otras. A\u00f1adi\u00f3 que se establecer\u00e1n contactos con importantes centros de estudios de Estados Unidos y Europa para conseguir convenios que permitan avalar las materias acad\u00e9micas e impulsar el intercambio de profesores.<\/p>\n<p>El r\u00e9gimen prev\u00e9 invertir en Yachay $ 200 millones anuales, por concepto de infraestructura, equipos y salario. A pocos meses de la inauguraci\u00f3n de este proyecto ya hay personas que lo cuestionan.<\/p>\n<p>Como es el caso del presidente de la Red Ecuatoriana de Universidades para Investigaci\u00f3n y Posgrados (REDU), Alfonso Espinosa, quien no comparte la pol\u00edtica estatal de enfocar sus esfuerzos en un solo tipo de investigaci\u00f3n. <strong>Se debe fortalecer el sistema nacional de investigaci\u00f3n (como tal)<\/strong>\u009d, a\u00f1adi\u00f3 Espinosa.<\/p>\n","protected":false},"excerpt":{"rendered":"<p>La Ciudad del Conocimiento o Universidad Yachay, abrir\u00e1 sus aulas en el primer trimestre del 2014, de acuerdo con el anuncio hecho por H\u00e9ctor Rodr\u00edguez, gerente de la empresa p\u00fablica que la administra. El r\u00e9gimen ha desarrollado la construcci\u00f3n de este complejo en Urcuqu\u00ed, Imbabura, como una de sus bases para conseguir una nueva matriz productiva\u009d. En esta entidad se combinar\u00e1 industria, investigaci\u00f3n y academia. De acuerdo con Rodr\u00edguez habr\u00e1n carreras como Ciencias de la Vida, Nanociencias, Energ\u00edas Renovables, Nuevas Tecnolog\u00edas de la Informaci\u00f3n y Petroqu\u00edmica, entre otras. A\u00f1adi\u00f3 que se establecer\u00e1n contactos con importantes centros de estudios de Estados Unidos y Europa para conseguir convenios que permitan avalar las materias acad\u00e9micas e impulsar el intercambio de profesores. El r\u00e9gimen prev\u00e9 invertir en Yachay $ 200 millones anuales, por concepto de infraestructura, equipos y salario. A pocos meses de la inauguraci\u00f3n de este proyecto ya hay personas que lo cuestionan. Como es el caso del presidente de la Red Ecuatoriana de Universidades para Investigaci\u00f3n y Posgrados (REDU), Alfonso Espinosa, quien no comparte la pol\u00edtica estatal de enfocar sus esfuerzos en un solo tipo de investigaci\u00f3n. Se debe fortalecer el sistema nacional de investigaci\u00f3n (como tal)\u009d, a\u00f1adi\u00f3 Espinosa.<\/p>\n","protected":false},"author":1,"featured_media":220662,"comment_status":"open","ping_status":"open","sticky":false,"template":"","format":"standard","meta":[],"categories":[40,37],"tags":[],"_links":{"self":[{"href":"https:\/\/www.ecuadortimes.net\/es\/wp-json\/wp\/v2\/posts\/220661"}],"collection":[{"href":"https:\/\/www.ecuadortimes.net\/es\/wp-json\/wp\/v2\/posts"}],"about":[{"href":"https:\/\/www.ecuadortimes.net\/es\/wp-json\/wp\/v2\/types\/post"}],"author":[{"embeddable":true,"href":"https:\/\/www.ecuadortimes.net\/es\/wp-json\/wp\/v2\/users\/1"}],"replies":[{"embeddable":true,"href":"https:\/\/www.ecuadortimes.net\/es\/wp-json\/wp\/v2\/comments?post=220661"}],"version-history":[{"count":0,"href":"https:\/\/www.ecuadortimes.net\/es\/wp-json\/wp\/v2\/posts\/220661\/revisions"}],"wp:featuredmedia":[{"embeddable":true,"href":"https:\/\/www.ecuadortimes.net\/es\/wp-json\/wp\/v2\/media\/220662"}],"wp:attachment":[{"href":"https:\/\/www.ecuadortimes.net\/es\/wp-json\/wp\/v2\/media?parent=220661"}],"wp:term":[{"taxonomy":"category","embeddable":true,"href":"https:\/\/www.ecuadortimes.net\/es\/wp-json\/wp\/v2\/categories?post=220661"},{"taxonomy":"post_tag","embeddable":true,"href":"https:\/\/www.ecuadortimes.net\/es\/wp-json\/wp\/v2\/tags?post=220661"}],"curies":[{"name":"wp","href":"https:\/\/api.w.org\/{rel}","templated":true}]}}