{"id":220663,"date":"2013-09-02T00:00:00","date_gmt":"2013-09-02T00:00:00","guid":{"rendered":"https:\/\/www.ecuadortimes.net\/es\/nuevos-movimientos-seccionales-terciaran-elecciones\/"},"modified":"2013-09-02T00:00:00","modified_gmt":"2013-09-02T00:00:00","slug":"nuevos-movimientos-seccionales-terciaran-elecciones","status":"publish","type":"post","link":"https:\/\/www.ecuadortimes.net\/es\/nuevos-movimientos-seccionales-terciaran-elecciones\/","title":{"rendered":"Nuevos movimientos seccionales terciaran elecciones"},"content":{"rendered":"<div id=\"attachment_126203\" style=\"width: 310px\" class=\"wp-caption alignleft\"><img aria-describedby=\"caption-attachment-126203\" loading=\"lazy\" class=\"size-medium wp-image-126203\" title=\"Rodrigo Mata\" src=\"http:\/\/media.ecuadortimes.net\/2013\/09\/Rodrigo-Mata-defends-corruption3-300x225.jpg\" alt=\"Rodrigo Mata\" width=\"300\" height=\"225\" \/><p id=\"caption-attachment-126203\" class=\"wp-caption-text\">Rodrigo Mata<\/p><\/div>\n<p><strong>De las 109 agrupaciones pol\u00edticas habilitadas en el pa\u00eds por el Consejo Nacional Electoral (CNE) para las votaciones del pr\u00f3ximo a\u00f1o, 48 son nuevas.<\/strong><\/p>\n<p>Estas agrupaciones son todas de car\u00e1cter local (hay 4 provinciales, 37 cantonales y 7 parroquiales) que buscar\u00e1n estrenarse en la campa\u00f1a con la nueva identidad registrada en el CNE, a pesar que no todos sus militantes sean nuevos en la pol\u00edtica.<\/p>\n<p>Los fundadores de algunos grupos aspiran a la reelecci\u00f3n en el proceso del 23 de febrero del 2014. Uno de estos casos es cuando el Consejo habilit\u00f3 a tres grupos en el cant\u00f3n Salcedo, de Cotopaxi.<\/p>\n<p><strong>Salcedense en Acci\u00f3n es liderado por el actual alcalde, Rodrigo Mata, quien desempe\u00f1a el cargo desde el 2009 con el movimiento Municipalista, aliado al r\u00e9gimen de Rafael Correa en ciertas decisiones.<\/strong><\/p>\n<p>En El Oro constan los movimientos: Santarrose\u00f1o Unido Revolucionario, del alcalde de Santa Rosa, Clemente Bravo; Independiente Progresista Pasaje, dirigido por V\u00edctor Guzm\u00e1n, aspirante a la alcald\u00eda de dicho cant\u00f3n.<\/p>\n<p>Sucumb\u00edos, Azuay, Imbabura, Guayas, Pichincha y Loja registraron nuevos movimientos pol\u00edticos, mientras que Bol\u00edvar, Ca\u00f1ar, Chimborazo, Napo y Santo Domingo no inscribieron nuevas organizaciones.<\/p>\n","protected":false},"excerpt":{"rendered":"<p>De las 109 agrupaciones pol\u00edticas habilitadas en el pa\u00eds por el Consejo Nacional Electoral (CNE) para las votaciones del pr\u00f3ximo a\u00f1o, 48 son nuevas. Estas agrupaciones son todas de car\u00e1cter local (hay 4 provinciales, 37 cantonales y 7 parroquiales) que buscar\u00e1n estrenarse en la campa\u00f1a con la nueva identidad registrada en el CNE, a pesar que no todos sus militantes sean nuevos en la pol\u00edtica. Los fundadores de algunos grupos aspiran a la reelecci\u00f3n en el proceso del 23 de febrero del 2014. Uno de estos casos es cuando el Consejo habilit\u00f3 a tres grupos en el cant\u00f3n Salcedo, de Cotopaxi. Salcedense en Acci\u00f3n es liderado por el actual alcalde, Rodrigo Mata, quien desempe\u00f1a el cargo desde el 2009 con el movimiento Municipalista, aliado al r\u00e9gimen de Rafael Correa en ciertas decisiones. En El Oro constan los movimientos: Santarrose\u00f1o Unido Revolucionario, del alcalde de Santa Rosa, Clemente Bravo; Independiente Progresista Pasaje, dirigido por V\u00edctor Guzm\u00e1n, aspirante a la alcald\u00eda de dicho cant\u00f3n. Sucumb\u00edos, Azuay, Imbabura, Guayas, Pichincha y Loja registraron nuevos movimientos pol\u00edticos, mientras que Bol\u00edvar, Ca\u00f1ar, Chimborazo, Napo y Santo Domingo no inscribieron nuevas organizaciones.<\/p>\n","protected":false},"author":1,"featured_media":220664,"comment_status":"open","ping_status":"open","sticky":false,"template":"","format":"standard","meta":[],"categories":[40,37],"tags":[],"_links":{"self":[{"href":"https:\/\/www.ecuadortimes.net\/es\/wp-json\/wp\/v2\/posts\/220663"}],"collection":[{"href":"https:\/\/www.ecuadortimes.net\/es\/wp-json\/wp\/v2\/posts"}],"about":[{"href":"https:\/\/www.ecuadortimes.net\/es\/wp-json\/wp\/v2\/types\/post"}],"author":[{"embeddable":true,"href":"https:\/\/www.ecuadortimes.net\/es\/wp-json\/wp\/v2\/users\/1"}],"replies":[{"embeddable":true,"href":"https:\/\/www.ecuadortimes.net\/es\/wp-json\/wp\/v2\/comments?post=220663"}],"version-history":[{"count":0,"href":"https:\/\/www.ecuadortimes.net\/es\/wp-json\/wp\/v2\/posts\/220663\/revisions"}],"wp:featuredmedia":[{"embeddable":true,"href":"https:\/\/www.ecuadortimes.net\/es\/wp-json\/wp\/v2\/media\/220664"}],"wp:attachment":[{"href":"https:\/\/www.ecuadortimes.net\/es\/wp-json\/wp\/v2\/media?parent=220663"}],"wp:term":[{"taxonomy":"category","embeddable":true,"href":"https:\/\/www.ecuadortimes.net\/es\/wp-json\/wp\/v2\/categories?post=220663"},{"taxonomy":"post_tag","embeddable":true,"href":"https:\/\/www.ecuadortimes.net\/es\/wp-json\/wp\/v2\/tags?post=220663"}],"curies":[{"name":"wp","href":"https:\/\/api.w.org\/{rel}","templated":true}]}}